{"id":1011,"date":"2011-03-15T16:40:44","date_gmt":"2011-03-15T15:40:44","guid":{"rendered":"http:\/\/www.mcmotylek.cz\/index.php\/?p=1011"},"modified":"2012-04-01T19:22:53","modified_gmt":"2012-04-01T18:22:53","slug":"hlasujte-ankete-nejzajimavejsi-fotografii","status":"publish","type":"post","link":"http:\/\/www.mcmotylek.cz\/?p=1011","title":{"rendered":"Hlasujte v anket\u011b o nejzaj\u00edmav\u011bj\u0161\u00ed fotografii!"},"content":{"rendered":"<p>Nyn\u00ed m\u016f\u017eete hlasovat v 1. anket\u011b o nejzaj\u00edmav\u011bj\u0161\u00ed fotografii v r\u00e1mci <a title=\"fotosout\u011b\u017e\" href=\"http:\/\/www.mcmotylek.cz\/index.php?page_id=650\" target=\"_self\">fotosout\u011b\u017ee<\/a>.\u00a0 Do t\u00e9to sout\u011b\u017ee poslali na\u0161i \u010dten\u00e1\u0159i fotky sv\u00fdch ratolest\u00ed.<\/p>\n<p>Tato sout\u011b\u017e je st\u00e1le otev\u0159en\u00e1 a m\u016f\u017eete fotku va\u0161eho d\u00edt\u011bte je\u0161t\u011b p\u0159ihl\u00e1sit. Viz podm\u00ednky sout\u011b\u017ee a p\u0159ihla\u0161ovac\u00ed formul\u00e1\u0159 <a title=\"fotosout\u011b\u017e\" href=\"http:\/\/www.mcmotylek.cz\/index.php?page_id=650\" target=\"_self\">zde<\/a>.<\/p>\n<p>P\u0159ipom\u00edn\u00e1me, \u017ee se st\u00e1le m\u016f\u017eete p\u0159ihl\u00e1sit do <a title=\"v\u00fdtvarn\u00e1 sout\u011b\u017e\" href=\"http:\/\/www.mcmotylek.cz\/index.php?page_id=866\" target=\"_self\">v\u00fdtvarn\u00e9 sout\u011b\u017ee<\/a>.<\/p>\n\n<div class=\"ngg-galleryoverview\" id=\"ngg-gallery-017f4db151c4ab4939f33bf935b4421d-1011\">\n\n\t<!-- Slideshow link -->\n\t<div class=\"slideshowlink\">\n\t\t<a class=\"slideshowlink\" href=\"http:\/\/www.mcmotylek.cz\/index.php\/nggallery\/slideshow?p=1011\">\n\t\t\t[Zobrazit prezentaci]\t\t<\/a>\n\t<\/div>\n\n\t<!-- Thumbnails -->\n    \t\t\n\t<div id=\"ngg-image-148\" class=\"ngg-gallery-thumbnail-box\"  >\n\t\t<div class=\"ngg-gallery-thumbnail\" >\n\t\t\t<a href=\"http:\/\/www.mcmotylek.cz\/wp-content\/gallery\/foto-soutez-1\/simon-opava.jpg\"\n               title=\"\u0160imon, Opava: \u0160imonek 3,6 let, foceno ve \u0161kolce\"\n               class=\"shutterset_017f4db151c4ab4939f33bf935b4421d\" data-image-id=\"148\" data-src=\"http:\/\/www.mcmotylek.cz\/wp-content\/gallery\/foto-soutez-1\/simon-opava.jpg\" data-thumbnail=\"http:\/\/www.mcmotylek.cz\/wp-content\/gallery\/foto-soutez-1\/thumbs\/thumbs_simon-opava.jpg\" data-title=\"\u0160imon, Opava\" data-description=\"\u0160imon, Opava: \u0160imonek 3,6 let, foceno ve \u0161kolce\" >\n\t\t\t\t\t\t\t\t<img title=\"\u0160imon, Opava\" alt=\"\u0160imon, Opava\" src=\"http:\/\/www.mcmotylek.cz\/wp-content\/gallery\/foto-soutez-1\/thumbs\/thumbs_simon-opava.jpg\" width='100' height='75' \/>\n\t\t\t\t\t\t\t<\/a>\n\t\t<\/div>\n\t<\/div>\n\n            \n \t\t\n\t<div id=\"ngg-image-158\" class=\"ngg-gallery-thumbnail-box\"  >\n\t\t<div class=\"ngg-gallery-thumbnail\" >\n\t\t\t<a href=\"http:\/\/www.mcmotylek.cz\/wp-content\/gallery\/foto-soutez-1\/verunka-a-maxik-024.jpg\"\n               title=\"Max\u00edk, He\u0159man\u016fv M\u011bstec: Max\u00edk se s kamar\u00e1dkou Verunkou maj\u00ed moc r\u00e1di\"\n               class=\"shutterset_017f4db151c4ab4939f33bf935b4421d\" data-image-id=\"158\" data-src=\"http:\/\/www.mcmotylek.cz\/wp-content\/gallery\/foto-soutez-1\/verunka-a-maxik-024.jpg\" data-thumbnail=\"http:\/\/www.mcmotylek.cz\/wp-content\/gallery\/foto-soutez-1\/thumbs\/thumbs_verunka-a-maxik-024.jpg\" data-title=\"Max\u00edk, He\u0159man\u016fv M\u011bstec\" data-description=\"Max\u00edk, He\u0159man\u016fv M\u011bstec: Max\u00edk se s kamar\u00e1dkou Verunkou maj\u00ed moc r\u00e1di\" >\n\t\t\t\t\t\t\t\t<img title=\"Max\u00edk, He\u0159man\u016fv M\u011bstec\" alt=\"Max\u00edk, He\u0159man\u016fv M\u011bstec\" src=\"http:\/\/www.mcmotylek.cz\/wp-content\/gallery\/foto-soutez-1\/thumbs\/thumbs_verunka-a-maxik-024.jpg\" width='100' height='75' \/>\n\t\t\t\t\t\t\t<\/a>\n\t\t<\/div>\n\t<\/div>\n\n            \n \t\t\n\t<div id=\"ngg-image-160\" class=\"ngg-gallery-thumbnail-box\"  >\n\t\t<div class=\"ngg-gallery-thumbnail\" >\n\t\t\t<a href=\"http:\/\/www.mcmotylek.cz\/wp-content\/gallery\/foto-soutez-1\/p6090058-1.jpg\"\n               title=\"Barborka, Star\u00e1 Paka: Vydr\u017eet u\u017e to bude\"\n               class=\"shutterset_017f4db151c4ab4939f33bf935b4421d\" data-image-id=\"160\" data-src=\"http:\/\/www.mcmotylek.cz\/wp-content\/gallery\/foto-soutez-1\/p6090058-1.jpg\" data-thumbnail=\"http:\/\/www.mcmotylek.cz\/wp-content\/gallery\/foto-soutez-1\/thumbs\/thumbs_p6090058-1.jpg\" data-title=\"Barborka, Star\u00e1 Paka\" data-description=\"Barborka, Star\u00e1 Paka: Vydr\u017eet u\u017e to bude\" >\n\t\t\t\t\t\t\t\t<img title=\"Barborka, Star\u00e1 Paka\" alt=\"Barborka, Star\u00e1 Paka\" src=\"http:\/\/www.mcmotylek.cz\/wp-content\/gallery\/foto-soutez-1\/thumbs\/thumbs_p6090058-1.jpg\" width='100' height='75' \/>\n\t\t\t\t\t\t\t<\/a>\n\t\t<\/div>\n\t<\/div>\n\n            \n \t\t\n\t<div id=\"ngg-image-161\" class=\"ngg-gallery-thumbnail-box\"  >\n\t\t<div class=\"ngg-gallery-thumbnail\" >\n\t\t\t<a href=\"http:\/\/www.mcmotylek.cz\/wp-content\/gallery\/foto-soutez-1\/miluju-segru.jpg\"\n               title=\"Leont\u00fdnka , Vset\u00edn: Tak Leont\u00fdnka miluje svoji sest\u0159i\u010dku :)\"\n               class=\"shutterset_017f4db151c4ab4939f33bf935b4421d\" data-image-id=\"161\" data-src=\"http:\/\/www.mcmotylek.cz\/wp-content\/gallery\/foto-soutez-1\/miluju-segru.jpg\" data-thumbnail=\"http:\/\/www.mcmotylek.cz\/wp-content\/gallery\/foto-soutez-1\/thumbs\/thumbs_miluju-segru.jpg\" data-title=\"Leont\u00fdnka , Vset\u00edn\" data-description=\"Leont\u00fdnka , Vset\u00edn: Tak Leont\u00fdnka miluje svoji sest\u0159i\u010dku :)\" >\n\t\t\t\t\t\t\t\t<img title=\"Leont\u00fdnka , Vset\u00edn\" alt=\"Leont\u00fdnka , Vset\u00edn\" src=\"http:\/\/www.mcmotylek.cz\/wp-content\/gallery\/foto-soutez-1\/thumbs\/thumbs_miluju-segru.jpg\" width='100' height='75' \/>\n\t\t\t\t\t\t\t<\/a>\n\t\t<\/div>\n\t<\/div>\n\n            \n \t\t\n\t<div id=\"ngg-image-163\" class=\"ngg-gallery-thumbnail-box\"  >\n\t\t<div class=\"ngg-gallery-thumbnail\" >\n\t\t\t<a href=\"http:\/\/www.mcmotylek.cz\/wp-content\/gallery\/foto-soutez-1\/lea.jpg\"\n               title=\"Lea, Liberec - Pavlovice: Dcerka Lea za princeznu\"\n               class=\"shutterset_017f4db151c4ab4939f33bf935b4421d\" data-image-id=\"163\" data-src=\"http:\/\/www.mcmotylek.cz\/wp-content\/gallery\/foto-soutez-1\/lea.jpg\" data-thumbnail=\"http:\/\/www.mcmotylek.cz\/wp-content\/gallery\/foto-soutez-1\/thumbs\/thumbs_lea.jpg\" data-title=\"Lea, Liberec - Pavlovice\" data-description=\"Lea, Liberec - Pavlovice: Dcerka Lea za princeznu\" >\n\t\t\t\t\t\t\t\t<img title=\"Lea, Liberec - Pavlovice\" alt=\"Lea, Liberec - Pavlovice\" src=\"http:\/\/www.mcmotylek.cz\/wp-content\/gallery\/foto-soutez-1\/thumbs\/thumbs_lea.jpg\" width='100' height='75' \/>\n\t\t\t\t\t\t\t<\/a>\n\t\t<\/div>\n\t<\/div>\n\n            \n \t\t\n\t<div id=\"ngg-image-164\" class=\"ngg-gallery-thumbnail-box\"  >\n\t\t<div class=\"ngg-gallery-thumbnail\" >\n\t\t\t<a href=\"http:\/\/www.mcmotylek.cz\/wp-content\/gallery\/foto-soutez-1\/jajinka.jpg\"\n               title=\"J\u00e1jinka, Liberec - Pavlovice: &quot;Ach jo,v t\u00e9 \u0161kole to tak dlouho trv\u00e1,u\u017e m\u00e1m chu\u0165 na bombonky&quot;\"\n               class=\"shutterset_017f4db151c4ab4939f33bf935b4421d\" data-image-id=\"164\" data-src=\"http:\/\/www.mcmotylek.cz\/wp-content\/gallery\/foto-soutez-1\/jajinka.jpg\" data-thumbnail=\"http:\/\/www.mcmotylek.cz\/wp-content\/gallery\/foto-soutez-1\/thumbs\/thumbs_jajinka.jpg\" data-title=\"J\u00e1jinka, Liberec - Pavlovice\" data-description=\"J\u00e1jinka, Liberec - Pavlovice: &quot;Ach jo,v t\u00e9 \u0161kole to tak dlouho trv\u00e1,u\u017e m\u00e1m chu\u0165 na bombonky&quot;\" >\n\t\t\t\t\t\t\t\t<img title=\"J\u00e1jinka, Liberec - Pavlovice\" alt=\"J\u00e1jinka, Liberec - Pavlovice\" src=\"http:\/\/www.mcmotylek.cz\/wp-content\/gallery\/foto-soutez-1\/thumbs\/thumbs_jajinka.jpg\" width='100' height='75' \/>\n\t\t\t\t\t\t\t<\/a>\n\t\t<\/div>\n\t<\/div>\n\n            \n \t\t\n\t<div id=\"ngg-image-165\" class=\"ngg-gallery-thumbnail-box\"  >\n\t\t<div class=\"ngg-gallery-thumbnail\" >\n\t\t\t<a href=\"http:\/\/www.mcmotylek.cz\/wp-content\/gallery\/foto-soutez-1\/nela.jpg\"\n               title=\"Nela, Liberec: Nela 9.m\u011bs\u00edc\u016f\"\n               class=\"shutterset_017f4db151c4ab4939f33bf935b4421d\" data-image-id=\"165\" data-src=\"http:\/\/www.mcmotylek.cz\/wp-content\/gallery\/foto-soutez-1\/nela.jpg\" data-thumbnail=\"http:\/\/www.mcmotylek.cz\/wp-content\/gallery\/foto-soutez-1\/thumbs\/thumbs_nela.jpg\" data-title=\"Nela, Liberec\" data-description=\"Nela, Liberec: Nela 9.m\u011bs\u00edc\u016f\" >\n\t\t\t\t\t\t\t\t<img title=\"Nela, Liberec\" alt=\"Nela, Liberec\" src=\"http:\/\/www.mcmotylek.cz\/wp-content\/gallery\/foto-soutez-1\/thumbs\/thumbs_nela.jpg\" width='100' height='75' \/>\n\t\t\t\t\t\t\t<\/a>\n\t\t<\/div>\n\t<\/div>\n\n            \n \t\t\n\t<div id=\"ngg-image-166\" class=\"ngg-gallery-thumbnail-box\"  >\n\t\t<div class=\"ngg-gallery-thumbnail\" >\n\t\t\t<a href=\"http:\/\/www.mcmotylek.cz\/wp-content\/gallery\/foto-soutez-1\/barborka.jpg\"\n               title=\"Barborka, \u010cesk\u00e9 Bud\u011bjovice: Tohle \u0159\u00e1d\u011bn\u00ed zn\u00e1 ka\u017ed\u00fd a ob\u010das i j\u00e1 m\u00e1m chu\u0165 znovu se zav\u011bsit :-)\"\n               class=\"shutterset_017f4db151c4ab4939f33bf935b4421d\" data-image-id=\"166\" data-src=\"http:\/\/www.mcmotylek.cz\/wp-content\/gallery\/foto-soutez-1\/barborka.jpg\" data-thumbnail=\"http:\/\/www.mcmotylek.cz\/wp-content\/gallery\/foto-soutez-1\/thumbs\/thumbs_barborka.jpg\" data-title=\"Barborka, \u010cesk\u00e9 Bud\u011bjovice\" data-description=\"Barborka, \u010cesk\u00e9 Bud\u011bjovice: Tohle \u0159\u00e1d\u011bn\u00ed zn\u00e1 ka\u017ed\u00fd a ob\u010das i j\u00e1 m\u00e1m chu\u0165 znovu se zav\u011bsit :-)\" >\n\t\t\t\t\t\t\t\t<img title=\"Barborka, \u010cesk\u00e9 Bud\u011bjovice\" alt=\"Barborka, \u010cesk\u00e9 Bud\u011bjovice\" src=\"http:\/\/www.mcmotylek.cz\/wp-content\/gallery\/foto-soutez-1\/thumbs\/thumbs_barborka.jpg\" width='100' height='75' \/>\n\t\t\t\t\t\t\t<\/a>\n\t\t<\/div>\n\t<\/div>\n\n            \n \t\t\n\t<div id=\"ngg-image-167\" class=\"ngg-gallery-thumbnail-box\"  >\n\t\t<div class=\"ngg-gallery-thumbnail\" >\n\t\t\t<a href=\"http:\/\/www.mcmotylek.cz\/wp-content\/gallery\/foto-soutez-1\/natalie.jpg\"\n               title=\"Nat\u00e1lie, N\u00e1chod: Je\u017e\u00ed\u0161ek n\u00e1m p\u0159inesl lopatu tak bylo pot\u0159eba j\u00ed dostate\u010dn\u011b prov\u011btrat.Zimn\u00ed hr\u00e1tky tahle hol\u010dina miluje jen kdy\u017e se m\u016f\u017ee vyv\u00e1let v z\u00e1v\u011bji ale i l\u00e9to kdy\u017e se m\u016f\u017ee pot\u00e1p\u011bt v baz\u00e9nu je jedno jak\u00e9 je po\u010das\u00ed z\u00e1bava se venku d\u00e1 naj\u00edt neust\u00e1le :-)\"\n               class=\"shutterset_017f4db151c4ab4939f33bf935b4421d\" data-image-id=\"167\" data-src=\"http:\/\/www.mcmotylek.cz\/wp-content\/gallery\/foto-soutez-1\/natalie.jpg\" data-thumbnail=\"http:\/\/www.mcmotylek.cz\/wp-content\/gallery\/foto-soutez-1\/thumbs\/thumbs_natalie.jpg\" data-title=\"Nat\u00e1lie, N\u00e1chod\" data-description=\"Nat\u00e1lie, N\u00e1chod: Je\u017e\u00ed\u0161ek n\u00e1m p\u0159inesl lopatu tak bylo pot\u0159eba j\u00ed dostate\u010dn\u011b prov\u011btrat.Zimn\u00ed hr\u00e1tky tahle hol\u010dina miluje jen kdy\u017e se m\u016f\u017ee vyv\u00e1let v z\u00e1v\u011bji ale i l\u00e9to kdy\u017e se m\u016f\u017ee pot\u00e1p\u011bt v baz\u00e9nu je jedno jak\u00e9 je po\u010das\u00ed z\u00e1bava se venku d\u00e1 naj\u00edt neust\u00e1le :-)\" >\n\t\t\t\t\t\t\t\t<img title=\"Nat\u00e1lie, N\u00e1chod\" alt=\"Nat\u00e1lie, N\u00e1chod\" src=\"http:\/\/www.mcmotylek.cz\/wp-content\/gallery\/foto-soutez-1\/thumbs\/thumbs_natalie.jpg\" width='100' height='75' \/>\n\t\t\t\t\t\t\t<\/a>\n\t\t<\/div>\n\t<\/div>\n\n            \n \t\t\n\t<div id=\"ngg-image-168\" class=\"ngg-gallery-thumbnail-box\"  >\n\t\t<div class=\"ngg-gallery-thumbnail\" >\n\t\t\t<a href=\"http:\/\/www.mcmotylek.cz\/wp-content\/gallery\/foto-soutez-1\/tereza.jpg\"\n               title=\"Tereza Angelina, \u010cesk\u00e9 Bud\u011bjovice: Dobr\u00fd den tak na fotce je moje 12 let\u00e1 dcera a n\u00e1\u0161 pokus k b\u00e1sni t\u00e1hla prcka za nohu :-)\"\n               class=\"shutterset_017f4db151c4ab4939f33bf935b4421d\" data-image-id=\"168\" data-src=\"http:\/\/www.mcmotylek.cz\/wp-content\/gallery\/foto-soutez-1\/tereza.jpg\" data-thumbnail=\"http:\/\/www.mcmotylek.cz\/wp-content\/gallery\/foto-soutez-1\/thumbs\/thumbs_tereza.jpg\" data-title=\"Tereza Angelina, \u010cesk\u00e9 Bud\u011bjovice\" data-description=\"Tereza Angelina, \u010cesk\u00e9 Bud\u011bjovice: Dobr\u00fd den tak na fotce je moje 12 let\u00e1 dcera a n\u00e1\u0161 pokus k b\u00e1sni t\u00e1hla prcka za nohu :-)\" >\n\t\t\t\t\t\t\t\t<img title=\"Tereza Angelina, \u010cesk\u00e9 Bud\u011bjovice\" alt=\"Tereza Angelina, \u010cesk\u00e9 Bud\u011bjovice\" src=\"http:\/\/www.mcmotylek.cz\/wp-content\/gallery\/foto-soutez-1\/thumbs\/thumbs_tereza.jpg\" width='100' height='75' \/>\n\t\t\t\t\t\t\t<\/a>\n\t\t<\/div>\n\t<\/div>\n\n            \n \t \t\n\t<!-- Pagination -->\n \t<div class='ngg-clear'><\/div> \t\n<\/div>\n\n\n<p>&nbsp;<\/p>\n<p><img loading=\"lazy\" class=\"alignnone size-full wp-image-2286\" title=\"anketa_4\" src=\"http:\/\/www.mcmotylek.cz\/wp-content\/uploads\/2011\/03\/anketa_4.jpg\" alt=\"\" width=\"380\" height=\"325\" srcset=\"http:\/\/www.mcmotylek.cz\/wp-content\/uploads\/2011\/03\/anketa_4.jpg 380w, http:\/\/www.mcmotylek.cz\/wp-content\/uploads\/2011\/03\/anketa_4-300x256.jpg 300w\" sizes=\"(max-width: 380px) 100vw, 380px\" \/><\/p>\n","protected":false},"excerpt":{"rendered":"<p>Nyn\u00ed m\u016f\u017eete hlasovat v 1. anket\u011b o nejzaj\u00edmav\u011bj\u0161\u00ed fotografii v r\u00e1mci fotosout\u011b\u017ee.\u00a0 Do t\u00e9to sout\u011b\u017ee poslali na\u0161i \u010dten\u00e1\u0159i fotky sv\u00fdch ratolest\u00ed. Tato sout\u011b\u017e je st\u00e1le otev\u0159en\u00e1 a m\u016f\u017eete fotku va\u0161eho d\u00edt\u011bte je\u0161t\u011b p\u0159ihl\u00e1sit. Viz podm\u00ednky sout\u011b\u017ee a p\u0159ihla\u0161ovac\u00ed formul\u00e1\u0159 zde. P\u0159ipom\u00edn\u00e1me, \u017ee se st\u00e1le m\u016f\u017eete p\u0159ihl\u00e1sit do v\u00fdtvarn\u00e9 sout\u011b\u017ee. &nbsp;<\/p>\n","protected":false},"author":33,"featured_media":0,"comment_status":"open","ping_status":"open","sticky":false,"template":"","format":"standard","meta":{"ngg_post_thumbnail":0},"categories":[43],"tags":[123],"post_mailing_queue_ids":[],"_links":{"self":[{"href":"http:\/\/www.mcmotylek.cz\/index.php?rest_route=\/wp\/v2\/posts\/1011"}],"collection":[{"href":"http:\/\/www.mcmotylek.cz\/index.php?rest_route=\/wp\/v2\/posts"}],"about":[{"href":"http:\/\/www.mcmotylek.cz\/index.php?rest_route=\/wp\/v2\/types\/post"}],"author":[{"embeddable":true,"href":"http:\/\/www.mcmotylek.cz\/index.php?rest_route=\/wp\/v2\/users\/33"}],"replies":[{"embeddable":true,"href":"http:\/\/www.mcmotylek.cz\/index.php?rest_route=%2Fwp%2Fv2%2Fcomments&post=1011"}],"version-history":[{"count":9,"href":"http:\/\/www.mcmotylek.cz\/index.php?rest_route=\/wp\/v2\/posts\/1011\/revisions"}],"predecessor-version":[{"id":1013,"href":"http:\/\/www.mcmotylek.cz\/index.php?rest_route=\/wp\/v2\/posts\/1011\/revisions\/1013"}],"wp:attachment":[{"href":"http:\/\/www.mcmotylek.cz\/index.php?rest_route=%2Fwp%2Fv2%2Fmedia&parent=1011"}],"wp:term":[{"taxonomy":"category","embeddable":true,"href":"http:\/\/www.mcmotylek.cz\/index.php?rest_route=%2Fwp%2Fv2%2Fcategories&post=1011"},{"taxonomy":"post_tag","embeddable":true,"href":"http:\/\/www.mcmotylek.cz\/index.php?rest_route=%2Fwp%2Fv2%2Ftags&post=1011"}],"curies":[{"name":"wp","href":"https:\/\/api.w.org\/{rel}","templated":true}]}}