{"id":1124,"date":"2011-04-05T07:40:40","date_gmt":"2011-04-05T06:40:40","guid":{"rendered":"http:\/\/www.mcmotylek.cz\/index.php\/?p=1124"},"modified":"2012-04-01T19:18:24","modified_gmt":"2012-04-01T18:18:24","slug":"hlasujte-ve-2-ankete-nejzajimavejsi-fotografii","status":"publish","type":"post","link":"http:\/\/www.mcmotylek.cz\/?p=1124","title":{"rendered":"Hlasujte ve 2.anket\u011b o nejzaj\u00edmav\u011bj\u0161\u00ed fotografii!"},"content":{"rendered":"<p>Nyn\u00ed m\u016f\u017eete hlasovat ve 2. anket\u011b o nejzaj\u00edmav\u011bj\u0161\u00ed fotografii v r\u00e1mci <a title=\"fotosout\u011b\u017e\" href=\"http:\/\/www.mcmotylek.cz\/index.php?page_id=650\" target=\"_self\">fotosout\u011b\u017ee<\/a>. Do t\u00e9to sout\u011b\u017ee poslali na\u0161i \u010dten\u00e1\u0159i fotky sv\u00fdch ratolest\u00ed.<\/p>\n<p>Tato sout\u011b\u017e je st\u00e1le otev\u0159en\u00e1 a m\u016f\u017eete fotku va\u0161eho d\u00edt\u011bte je\u0161t\u011b p\u0159ihl\u00e1sit. Viz podm\u00ednky sout\u011b\u017ee a p\u0159ihla\u0161ovac\u00ed formul\u00e1\u0159 <a title=\"fotosout\u011b\u017e\" href=\"http:\/\/www.mcmotylek.cz\/index.php?page_id=650\" target=\"_self\">zde<\/a>.<\/p>\n<p>P\u0159ipom\u00edn\u00e1me, \u017ee se st\u00e1le m\u016f\u017eete p\u0159ihl\u00e1sit do <a title=\"v\u00fdtvarn\u00e1 sout\u011b\u017e\" href=\"http:\/\/www.mcmotylek.cz\/index.php?page_id=866\" target=\"_self\">v\u00fdtvarn\u00e9 sout\u011b\u017ee<\/a>.<\/p>\n\n<div class=\"ngg-galleryoverview\" id=\"ngg-gallery-84c1cf5cbaeb926509a2a77d12ca5f58-1124\">\n\n\t<!-- Slideshow link -->\n\t<div class=\"slideshowlink\">\n\t\t<a class=\"slideshowlink\" href=\"http:\/\/www.mcmotylek.cz\/index.php\/nggallery\/slideshow?p=1124\">\n\t\t\t[Zobrazit prezentaci]\t\t<\/a>\n\t<\/div>\n\n\t<!-- Thumbnails -->\n    \t\t\n\t<div id=\"ngg-image-169\" class=\"ngg-gallery-thumbnail-box\"  >\n\t\t<div class=\"ngg-gallery-thumbnail\" >\n\t\t\t<a href=\"http:\/\/www.mcmotylek.cz\/wp-content\/gallery\/foto-soutez-2\/kristiana.jpg\"\n               title=\"Krystiana, Pra\u017e\u00e1kov\u00e1: Takhle si moje d\u011bti hraj\u00ed : oce\u0148uji v\u017edy kreativitu ,ale up\u0159\u00edmn\u011b se to boj\u00edm n\u011bkomu uk\u00e1zat :-)))\"\n               class=\"shutterset_84c1cf5cbaeb926509a2a77d12ca5f58\" data-image-id=\"169\" data-src=\"http:\/\/www.mcmotylek.cz\/wp-content\/gallery\/foto-soutez-2\/kristiana.jpg\" data-thumbnail=\"http:\/\/www.mcmotylek.cz\/wp-content\/gallery\/foto-soutez-2\/thumbs\/thumbs_kristiana.jpg\" data-title=\"Krystiana, Pra\u017e\u00e1kov\u00e1\" data-description=\"Krystiana, Pra\u017e\u00e1kov\u00e1: Takhle si moje d\u011bti hraj\u00ed : oce\u0148uji v\u017edy kreativitu ,ale up\u0159\u00edmn\u011b se to boj\u00edm n\u011bkomu uk\u00e1zat :-)))\" >\n\t\t\t\t\t\t\t\t<img title=\"Krystiana, Pra\u017e\u00e1kov\u00e1\" alt=\"Krystiana, Pra\u017e\u00e1kov\u00e1\" src=\"http:\/\/www.mcmotylek.cz\/wp-content\/gallery\/foto-soutez-2\/thumbs\/thumbs_kristiana.jpg\" width='100' height='75' \/>\n\t\t\t\t\t\t\t<\/a>\n\t\t<\/div>\n\t<\/div>\n\n            \n \t\t\n\t<div id=\"ngg-image-170\" class=\"ngg-gallery-thumbnail-box\"  >\n\t\t<div class=\"ngg-gallery-thumbnail\" >\n\t\t\t<a href=\"http:\/\/www.mcmotylek.cz\/wp-content\/gallery\/foto-soutez-2\/simona.jpg\"\n               title=\"Simona, Komorn\u00ed Lhotka: Simonka na sv\u00e9 2.narozeniny :)\"\n               class=\"shutterset_84c1cf5cbaeb926509a2a77d12ca5f58\" data-image-id=\"170\" data-src=\"http:\/\/www.mcmotylek.cz\/wp-content\/gallery\/foto-soutez-2\/simona.jpg\" data-thumbnail=\"http:\/\/www.mcmotylek.cz\/wp-content\/gallery\/foto-soutez-2\/thumbs\/thumbs_simona.jpg\" data-title=\"Simona, Komorn\u00ed Lhotka\" data-description=\"Simona, Komorn\u00ed Lhotka: Simonka na sv\u00e9 2.narozeniny :)\" >\n\t\t\t\t\t\t\t\t<img title=\"Simona, Komorn\u00ed Lhotka\" alt=\"Simona, Komorn\u00ed Lhotka\" src=\"http:\/\/www.mcmotylek.cz\/wp-content\/gallery\/foto-soutez-2\/thumbs\/thumbs_simona.jpg\" width='100' height='75' \/>\n\t\t\t\t\t\t\t<\/a>\n\t\t<\/div>\n\t<\/div>\n\n            \n \t\t\n\t<div id=\"ngg-image-171\" class=\"ngg-gallery-thumbnail-box\"  >\n\t\t<div class=\"ngg-gallery-thumbnail\" >\n\t\t\t<a href=\"http:\/\/www.mcmotylek.cz\/wp-content\/gallery\/foto-soutez-2\/honza-fotky-682.jpg\"\n               title=\"Jan, T\u00fdnec nad S\u00e1zavou: Honz\u00edk miluje houba\u0159en\u00ed\u2026.\"\n               class=\"shutterset_84c1cf5cbaeb926509a2a77d12ca5f58\" data-image-id=\"171\" data-src=\"http:\/\/www.mcmotylek.cz\/wp-content\/gallery\/foto-soutez-2\/honza-fotky-682.jpg\" data-thumbnail=\"http:\/\/www.mcmotylek.cz\/wp-content\/gallery\/foto-soutez-2\/thumbs\/thumbs_honza-fotky-682.jpg\" data-title=\"Jan, T\u00fdnec nad S\u00e1zavou\" data-description=\"Jan, T\u00fdnec nad S\u00e1zavou: Honz\u00edk miluje houba\u0159en\u00ed\u2026.\" >\n\t\t\t\t\t\t\t\t<img title=\"Jan, T\u00fdnec nad S\u00e1zavou\" alt=\"Jan, T\u00fdnec nad S\u00e1zavou\" src=\"http:\/\/www.mcmotylek.cz\/wp-content\/gallery\/foto-soutez-2\/thumbs\/thumbs_honza-fotky-682.jpg\" width='100' height='75' \/>\n\t\t\t\t\t\t\t<\/a>\n\t\t<\/div>\n\t<\/div>\n\n            \n \t\t\n\t<div id=\"ngg-image-172\" class=\"ngg-gallery-thumbnail-box\"  >\n\t\t<div class=\"ngg-gallery-thumbnail\" >\n\t\t\t<a href=\"http:\/\/www.mcmotylek.cz\/wp-content\/gallery\/foto-soutez-2\/eliska.jpg\"\n               title=\"Eli\u0161ka, Jarom\u011b\u0159: Tak takhle u\u017e um\u00edm le\u017eet na b\u0159\u00ed\u0161ku\u2026pohodi\u010dka,\u017ee jo?\"\n               class=\"shutterset_84c1cf5cbaeb926509a2a77d12ca5f58\" data-image-id=\"172\" data-src=\"http:\/\/www.mcmotylek.cz\/wp-content\/gallery\/foto-soutez-2\/eliska.jpg\" data-thumbnail=\"http:\/\/www.mcmotylek.cz\/wp-content\/gallery\/foto-soutez-2\/thumbs\/thumbs_eliska.jpg\" data-title=\"Eli\u0161ka, Jarom\u011b\u0159\" data-description=\"Eli\u0161ka, Jarom\u011b\u0159: Tak takhle u\u017e um\u00edm le\u017eet na b\u0159\u00ed\u0161ku\u2026pohodi\u010dka,\u017ee jo?\" >\n\t\t\t\t\t\t\t\t<img title=\"Eli\u0161ka, Jarom\u011b\u0159\" alt=\"Eli\u0161ka, Jarom\u011b\u0159\" src=\"http:\/\/www.mcmotylek.cz\/wp-content\/gallery\/foto-soutez-2\/thumbs\/thumbs_eliska.jpg\" width='100' height='75' \/>\n\t\t\t\t\t\t\t<\/a>\n\t\t<\/div>\n\t<\/div>\n\n            \n \t\t\n\t<div id=\"ngg-image-174\" class=\"ngg-gallery-thumbnail-box\"  >\n\t\t<div class=\"ngg-gallery-thumbnail\" >\n\t\t\t<a href=\"http:\/\/www.mcmotylek.cz\/wp-content\/gallery\/foto-soutez-2\/anetka-mimi.jpg\"\n               title=\"Anetka, Ostrava - Z\u00e1b\u0159eh: Na\u0161e mal\u00e1 cyklistka :)\"\n               class=\"shutterset_84c1cf5cbaeb926509a2a77d12ca5f58\" data-image-id=\"174\" data-src=\"http:\/\/www.mcmotylek.cz\/wp-content\/gallery\/foto-soutez-2\/anetka-mimi.jpg\" data-thumbnail=\"http:\/\/www.mcmotylek.cz\/wp-content\/gallery\/foto-soutez-2\/thumbs\/thumbs_anetka-mimi.jpg\" data-title=\"Anetka, Ostrava - Z\u00e1b\u0159eh\" data-description=\"Anetka, Ostrava - Z\u00e1b\u0159eh: Na\u0161e mal\u00e1 cyklistka :)\" >\n\t\t\t\t\t\t\t\t<img title=\"Anetka, Ostrava - Z\u00e1b\u0159eh\" alt=\"Anetka, Ostrava - Z\u00e1b\u0159eh\" src=\"http:\/\/www.mcmotylek.cz\/wp-content\/gallery\/foto-soutez-2\/thumbs\/thumbs_anetka-mimi.jpg\" width='100' height='75' \/>\n\t\t\t\t\t\t\t<\/a>\n\t\t<\/div>\n\t<\/div>\n\n            \n \t\t\n\t<div id=\"ngg-image-175\" class=\"ngg-gallery-thumbnail-box\"  >\n\t\t<div class=\"ngg-gallery-thumbnail\" >\n\t\t\t<a href=\"http:\/\/www.mcmotylek.cz\/wp-content\/gallery\/foto-soutez-2\/marek-foto.jpg\"\n               title=\"Marek, Vil\u00e9mov: Bedle nebo de\u0161tn\u00edk?\"\n               class=\"shutterset_84c1cf5cbaeb926509a2a77d12ca5f58\" data-image-id=\"175\" data-src=\"http:\/\/www.mcmotylek.cz\/wp-content\/gallery\/foto-soutez-2\/marek-foto.jpg\" data-thumbnail=\"http:\/\/www.mcmotylek.cz\/wp-content\/gallery\/foto-soutez-2\/thumbs\/thumbs_marek-foto.jpg\" data-title=\"Marek, Vil\u00e9mov\" data-description=\"Marek, Vil\u00e9mov: Bedle nebo de\u0161tn\u00edk?\" >\n\t\t\t\t\t\t\t\t<img title=\"Marek, Vil\u00e9mov\" alt=\"Marek, Vil\u00e9mov\" src=\"http:\/\/www.mcmotylek.cz\/wp-content\/gallery\/foto-soutez-2\/thumbs\/thumbs_marek-foto.jpg\" width='100' height='75' \/>\n\t\t\t\t\t\t\t<\/a>\n\t\t<\/div>\n\t<\/div>\n\n            \n \t\t\n\t<div id=\"ngg-image-178\" class=\"ngg-gallery-thumbnail-box\"  >\n\t\t<div class=\"ngg-gallery-thumbnail\" >\n\t\t\t<a href=\"http:\/\/www.mcmotylek.cz\/wp-content\/gallery\/foto-soutez-2\/michal.jpg\"\n               title=\"Michal, Klatovy: O\u010di na vrch hlavy\"\n               class=\"shutterset_84c1cf5cbaeb926509a2a77d12ca5f58\" data-image-id=\"178\" data-src=\"http:\/\/www.mcmotylek.cz\/wp-content\/gallery\/foto-soutez-2\/michal.jpg\" data-thumbnail=\"http:\/\/www.mcmotylek.cz\/wp-content\/gallery\/foto-soutez-2\/thumbs\/thumbs_michal.jpg\" data-title=\"Michal, Klatovy\" data-description=\"Michal, Klatovy: O\u010di na vrch hlavy\" >\n\t\t\t\t\t\t\t\t<img title=\"Michal, Klatovy\" alt=\"Michal, Klatovy\" src=\"http:\/\/www.mcmotylek.cz\/wp-content\/gallery\/foto-soutez-2\/thumbs\/thumbs_michal.jpg\" width='100' height='75' \/>\n\t\t\t\t\t\t\t<\/a>\n\t\t<\/div>\n\t<\/div>\n\n            \n \t\t\n\t<div id=\"ngg-image-180\" class=\"ngg-gallery-thumbnail-box\"  >\n\t\t<div class=\"ngg-gallery-thumbnail\" >\n\t\t\t<a href=\"http:\/\/www.mcmotylek.cz\/wp-content\/gallery\/foto-soutez-2\/sabrinka.jpg\"\n               title=\"Sabrinka, B\u0159ezolupy: Pros\u00edm zapnout redukci \u010derven\u00fdch o\u010d\u00ed\u2026d\u011bkuji.\"\n               class=\"shutterset_84c1cf5cbaeb926509a2a77d12ca5f58\" data-image-id=\"180\" data-src=\"http:\/\/www.mcmotylek.cz\/wp-content\/gallery\/foto-soutez-2\/sabrinka.jpg\" data-thumbnail=\"http:\/\/www.mcmotylek.cz\/wp-content\/gallery\/foto-soutez-2\/thumbs\/thumbs_sabrinka.jpg\" data-title=\"Sabrinka, B\u0159ezolupy\" data-description=\"Sabrinka, B\u0159ezolupy: Pros\u00edm zapnout redukci \u010derven\u00fdch o\u010d\u00ed\u2026d\u011bkuji.\" >\n\t\t\t\t\t\t\t\t<img title=\"Sabrinka, B\u0159ezolupy\" alt=\"Sabrinka, B\u0159ezolupy\" src=\"http:\/\/www.mcmotylek.cz\/wp-content\/gallery\/foto-soutez-2\/thumbs\/thumbs_sabrinka.jpg\" width='100' height='75' \/>\n\t\t\t\t\t\t\t<\/a>\n\t\t<\/div>\n\t<\/div>\n\n            \n \t\t\n\t<div id=\"ngg-image-254\" class=\"ngg-gallery-thumbnail-box\"  >\n\t\t<div class=\"ngg-gallery-thumbnail\" >\n\t\t\t<a href=\"http:\/\/www.mcmotylek.cz\/wp-content\/gallery\/foto-soutez-2\/rosalka.jpg\"\n               title=\"Rosalka a S\u00e1ra, Mikolajice: Rosi\u010dka 3 roky, S\u00e1ra 3 m\u011bs\u00edce.Moji mil\u00e1\u010dci :o))\"\n               class=\"shutterset_84c1cf5cbaeb926509a2a77d12ca5f58\" data-image-id=\"254\" data-src=\"http:\/\/www.mcmotylek.cz\/wp-content\/gallery\/foto-soutez-2\/rosalka.jpg\" data-thumbnail=\"http:\/\/www.mcmotylek.cz\/wp-content\/gallery\/foto-soutez-2\/thumbs\/thumbs_rosalka.jpg\" data-title=\"Rosalka a S\u00e1ra, Mikolajice\" data-description=\"Rosalka a S\u00e1ra, Mikolajice: Rosi\u010dka 3 roky, S\u00e1ra 3 m\u011bs\u00edce.Moji mil\u00e1\u010dci :o))\" >\n\t\t\t\t\t\t\t\t<img title=\"Rosalka a S\u00e1ra, Mikolajice\" alt=\"Rosalka a S\u00e1ra, Mikolajice\" src=\"http:\/\/www.mcmotylek.cz\/wp-content\/gallery\/foto-soutez-2\/thumbs\/thumbs_rosalka.jpg\" width='100' height='75' \/>\n\t\t\t\t\t\t\t<\/a>\n\t\t<\/div>\n\t<\/div>\n\n            \n \t \t\n\t<!-- Pagination -->\n \t<div class='ngg-clear'><\/div> \t\n<\/div>\n\n\n<p>&nbsp;<\/p>\n<p><img loading=\"lazy\" class=\"alignnone size-full wp-image-2283\" title=\"anketa_3\" src=\"http:\/\/www.mcmotylek.cz\/wp-content\/uploads\/2011\/04\/anketa_31.jpg\" alt=\"\" width=\"380\" height=\"342\" srcset=\"http:\/\/www.mcmotylek.cz\/wp-content\/uploads\/2011\/04\/anketa_31.jpg 380w, http:\/\/www.mcmotylek.cz\/wp-content\/uploads\/2011\/04\/anketa_31-300x270.jpg 300w\" sizes=\"(max-width: 380px) 100vw, 380px\" \/><\/p>\n<p>&nbsp;<\/p>\n","protected":false},"excerpt":{"rendered":"<p>Nyn\u00ed m\u016f\u017eete hlasovat ve 2. anket\u011b o nejzaj\u00edmav\u011bj\u0161\u00ed fotografii v r\u00e1mci fotosout\u011b\u017ee. Do t\u00e9to sout\u011b\u017ee poslali na\u0161i \u010dten\u00e1\u0159i fotky sv\u00fdch ratolest\u00ed. Tato sout\u011b\u017e je st\u00e1le otev\u0159en\u00e1 a m\u016f\u017eete fotku va\u0161eho d\u00edt\u011bte je\u0161t\u011b p\u0159ihl\u00e1sit. Viz podm\u00ednky sout\u011b\u017ee a p\u0159ihla\u0161ovac\u00ed formul\u00e1\u0159 zde. P\u0159ipom\u00edn\u00e1me, \u017ee se st\u00e1le m\u016f\u017eete p\u0159ihl\u00e1sit do v\u00fdtvarn\u00e9 sout\u011b\u017ee. &nbsp; &nbsp;<\/p>\n","protected":false},"author":33,"featured_media":0,"comment_status":"open","ping_status":"open","sticky":false,"template":"","format":"standard","meta":{"ngg_post_thumbnail":0},"categories":[43],"tags":[123],"post_mailing_queue_ids":[],"_links":{"self":[{"href":"http:\/\/www.mcmotylek.cz\/index.php?rest_route=\/wp\/v2\/posts\/1124"}],"collection":[{"href":"http:\/\/www.mcmotylek.cz\/index.php?rest_route=\/wp\/v2\/posts"}],"about":[{"href":"http:\/\/www.mcmotylek.cz\/index.php?rest_route=\/wp\/v2\/types\/post"}],"author":[{"embeddable":true,"href":"http:\/\/www.mcmotylek.cz\/index.php?rest_route=\/wp\/v2\/users\/33"}],"replies":[{"embeddable":true,"href":"http:\/\/www.mcmotylek.cz\/index.php?rest_route=%2Fwp%2Fv2%2Fcomments&post=1124"}],"version-history":[{"count":4,"href":"http:\/\/www.mcmotylek.cz\/index.php?rest_route=\/wp\/v2\/posts\/1124\/revisions"}],"predecessor-version":[{"id":1126,"href":"http:\/\/www.mcmotylek.cz\/index.php?rest_route=\/wp\/v2\/posts\/1124\/revisions\/1126"}],"wp:attachment":[{"href":"http:\/\/www.mcmotylek.cz\/index.php?rest_route=%2Fwp%2Fv2%2Fmedia&parent=1124"}],"wp:term":[{"taxonomy":"category","embeddable":true,"href":"http:\/\/www.mcmotylek.cz\/index.php?rest_route=%2Fwp%2Fv2%2Fcategories&post=1124"},{"taxonomy":"post_tag","embeddable":true,"href":"http:\/\/www.mcmotylek.cz\/index.php?rest_route=%2Fwp%2Fv2%2Ftags&post=1124"}],"curies":[{"name":"wp","href":"https:\/\/api.w.org\/{rel}","templated":true}]}}