{"id":1254,"date":"2011-04-17T08:43:18","date_gmt":"2011-04-17T07:43:18","guid":{"rendered":"http:\/\/www.mcmotylek.cz\/index.php\/?p=1254"},"modified":"2011-06-22T04:34:40","modified_gmt":"2011-06-22T03:34:40","slug":"vystava-rodinnych-fotografii-vyber-fotek-zahajen","status":"publish","type":"post","link":"http:\/\/www.mcmotylek.cz\/?p=1254","title":{"rendered":"9. &#8211; 15.5. K\u0159\u00eddla a ko\u0159eny na\u0161\u00ed rodiny"},"content":{"rendered":"<p style=\"text-align: center;\">MC Mot\u00fdlek se p\u0159ipojuje k <strong>Celorepublikov\u00e9 kampani S\u00edt\u011b mate\u0159sk\u00fdch center o.s.<\/strong><\/p>\n<p style=\"text-align: center;\"><span style=\"color: #ff6600;\">K\u0159\u00eddla a ko\u0159eny na\u0161\u00ed rodiny<\/span><\/p>\n<p style=\"text-align: center;\"><span style=\"color: #808000;\">9. &#8211; 15. kv\u011btna 2011<\/span><\/p>\n<p style=\"text-align: center;\"><strong><span style=\"color: #ff0000;\">&#8222;Babi, d\u011bdo, poj\u010f si se mnou hr\u00e1t!&#8220; <\/span><\/strong><\/p>\n<p style=\"text-align: center;\"><span style=\"color: #808000;\"><strong><span style=\"color: #ff0000;\">&#8222;Tati, mami, poj\u010f si taky hr\u00e1t&#8220;<\/span><\/strong><br \/>\n<\/span><\/p>\n<p style=\"text-align: left;\">C\u00edlem kampan\u011b je upozornit na d\u016fle\u017eitost rodiny v sou\u010dasn\u00e9 dob\u011b, s d\u016frazem na mezigenera\u010dn\u00ed vztahy.<\/p>\n<p style=\"text-align: left;\"><span style=\"color: #808000;\">Cel\u00fd t\u00fdden budou v MC <strong>vystaveny fotografie<\/strong> alespo\u0148 t\u0159\u00ed generac\u00ed dan\u00e9 rodiny.<\/span><\/p>\n<p style=\"text-align: left;\"><span style=\"color: #ff0000;\">Fotografie alespo\u0148 t\u0159\u00ed generac\u00ed m\u016f\u017eete je\u0161t\u011b p\u0159in\u00e1\u0161et!<br \/>\n<\/span><\/p>\n<p style=\"text-align: left;\"><img loading=\"lazy\" class=\"size-thumbnail wp-image-1359 alignnone\" title=\"k\u0159\u00eddla a ko\u0159eny na\u0161\u00ed rodiny\" src=\"http:\/\/www.mcmotylek.cz\/wp-content\/uploads\/2011\/04\/koreny-150x150.jpg\" alt=\"\" width=\"100\" height=\"100\" \/><\/p>\n<p style=\"text-align: left;\">\n<p style=\"text-align: left;\">\n<p style=\"text-align: left;\">\n<p style=\"text-align: left;\">\n<p style=\"text-align: left;\">[Download nenalezen]\n<p style=\"text-align: left;\"><strong><span style=\"color: #808000;\">Ve st\u0159edu 11.5. a v p\u00e1tek 13.5. DNY OTEV\u0158EN\u00ddCH DVE\u0158\u00cd (vstup voln\u00fd)<\/span><\/strong>:<\/p>\n<p style=\"text-align: left;\"><span style=\"color: #ff0000;\"><strong>11.5<\/strong>. 9.30 &#8211; 11.30 <strong>Zp\u00edv\u00e1nky<\/strong><span style=\"color: #000000;\"> s t\u00e9maty p\u00edsni\u010dek o rodin\u011b <\/span><\/span><\/p>\n<p style=\"text-align: left;\"><span style=\"color: #ff0000;\"><strong>11.5<\/strong>. 16 &#8211; 18\u00a0 a <strong>13.5.<\/strong> 9.30 &#8211; 11.30 <strong>V\u00fdtvarn\u00e9 d\u00edlny<\/strong> &#8211;<span style=\"color: #000000;\"> vyr\u00e1b\u011bn\u00ed jednoduch\u00e9ho rodokmenu s d\u011btmi, hry s rodinnou t\u00e9matikou, kreslen\u00ed z\u00e1\u017eitk\u016f z rodiny a pov\u00edd\u00e1n\u00ed o n\u00ed<\/span><\/span><\/p>\n<p style=\"text-align: left;\"><span style=\"color: #ff0000;\"><span style=\"text-decoration: underline;\"><strong>Srde\u010dn\u011b zveme p\u0159edev\u0161\u00edm prarodi\u010de s vnou\u010daty!<\/strong><\/span><\/span><\/p>\n<p style=\"text-align: left;\"><span style=\"color: #ff0000;\"><strong>14.\/15.5. Poh\u00e1dkov\u00e1 noc &#8211; <\/strong><span style=\"color: #000000;\">p\u0159esp\u00e1n\u00ed d\u011bt\u00ed v MC bez rodi\u010d\u016f. Posledn\u00ed voln\u00e1 m\u00edsta. <\/span><span style=\"text-decoration: underline;\"><strong><br \/>\n<\/strong><\/span><\/span><\/p>\n<p style=\"text-align: left;\">\n<p style=\"text-align: left;\">Informace:Andrea Vachtlov\u00e1 731 525 467, info@mcmotylek.cz<\/p>\n<p style=\"text-align: left;\">***<\/p>\n<p style=\"text-align: left;\">[Download nenalezen]\n<p style=\"text-align: left;\">\n","protected":false},"excerpt":{"rendered":"<p>MC Mot\u00fdlek se p\u0159ipojuje k Celorepublikov\u00e9 kampani S\u00edt\u011b mate\u0159sk\u00fdch center o.s. K\u0159\u00eddla a ko\u0159eny na\u0161\u00ed rodiny 9. &#8211; 15. kv\u011btna 2011 &#8222;Babi, d\u011bdo, poj\u010f si se mnou hr\u00e1t!&#8220; &#8222;Tati, mami, poj\u010f si taky hr\u00e1t&#8220; C\u00edlem kampan\u011b je upozornit na d\u016fle\u017eitost rodiny v sou\u010dasn\u00e9 dob\u011b, s d\u016frazem na mezigenera\u010dn\u00ed vztahy. Cel\u00fd t\u00fdden budou v MC vystaveny [&hellip;]<\/p>\n","protected":false},"author":2,"featured_media":0,"comment_status":"open","ping_status":"open","sticky":false,"template":"","format":"standard","meta":{"ngg_post_thumbnail":0},"categories":[3],"tags":[67,61,62],"post_mailing_queue_ids":[],"_links":{"self":[{"href":"http:\/\/www.mcmotylek.cz\/index.php?rest_route=\/wp\/v2\/posts\/1254"}],"collection":[{"href":"http:\/\/www.mcmotylek.cz\/index.php?rest_route=\/wp\/v2\/posts"}],"about":[{"href":"http:\/\/www.mcmotylek.cz\/index.php?rest_route=\/wp\/v2\/types\/post"}],"author":[{"embeddable":true,"href":"http:\/\/www.mcmotylek.cz\/index.php?rest_route=\/wp\/v2\/users\/2"}],"replies":[{"embeddable":true,"href":"http:\/\/www.mcmotylek.cz\/index.php?rest_route=%2Fwp%2Fv2%2Fcomments&post=1254"}],"version-history":[{"count":15,"href":"http:\/\/www.mcmotylek.cz\/index.php?rest_route=\/wp\/v2\/posts\/1254\/revisions"}],"predecessor-version":[{"id":1256,"href":"http:\/\/www.mcmotylek.cz\/index.php?rest_route=\/wp\/v2\/posts\/1254\/revisions\/1256"}],"wp:attachment":[{"href":"http:\/\/www.mcmotylek.cz\/index.php?rest_route=%2Fwp%2Fv2%2Fmedia&parent=1254"}],"wp:term":[{"taxonomy":"category","embeddable":true,"href":"http:\/\/www.mcmotylek.cz\/index.php?rest_route=%2Fwp%2Fv2%2Fcategories&post=1254"},{"taxonomy":"post_tag","embeddable":true,"href":"http:\/\/www.mcmotylek.cz\/index.php?rest_route=%2Fwp%2Fv2%2Ftags&post=1254"}],"curies":[{"name":"wp","href":"https:\/\/api.w.org\/{rel}","templated":true}]}}