{"id":1351,"date":"2011-05-02T18:24:18","date_gmt":"2011-05-02T17:24:18","guid":{"rendered":"http:\/\/www.mcmotylek.cz\/index.php\/?p=1351"},"modified":"2011-05-15T20:34:42","modified_gmt":"2011-05-15T19:34:42","slug":"7-5-od-9-30-brigada-na-hristi-2","status":"publish","type":"post","link":"http:\/\/www.mcmotylek.cz\/?p=1351","title":{"rendered":"7.5. od 9.30 Brig\u00e1da na h\u0159i\u0161ti"},"content":{"rendered":"<p>MC Mot\u00fdlek st\u00e1lo u zrodu <span style=\"color: #808000;\">d\u011btsk\u00e9ho h\u0159i\u0161t\u011b<\/span> <span style=\"color: #808000;\">v T\u00fdnci nad S\u00e1zavou<\/span> (vedle obchodn\u00edho domu NORI) a ka\u017edoro\u010dn\u011b se spolupod\u00edl\u00ed na jeho \u00fadr\u017eb\u011b.<\/p>\n<p><span style=\"color: #808000;\">Budeme nat\u00edrat plot a d\u0159evo, ukl\u00edzet nepo\u0159\u00e1dek, zatloukat h\u0159eb\u00edky.<\/span><\/p>\n<p><span style=\"color: #ff6600;\">Pomoci m\u016f\u017eou tat\u00ednci, maminky, d\u011bti &#8211; zkr\u00e1tka ti, kdo h\u0159i\u0161t\u011b pou\u017e\u00edvaj\u00ed, ale i ostatn\u00ed!<\/span><\/p>\n<p>S sebou star\u00e9 oble\u010den\u00ed. Materi\u00e1l (\u0161t\u011btce, barvy, rukavice) zaji\u0161\u0165uje M\u011bsto T\u00fdnec a bude na m\u00edst\u011b.<\/p>\n<p>D\u011bti \u010dekaj\u00ed drobn\u00e9 odm\u011bny.<\/p>\n<p>Kontakt: R.Vesel\u00e1, 777 676 307<\/p>\n\n<div class=\"ngg-imagebrowser\" id=\"ngg-imagebrowser-cd06ab286d2de3a6aae5287369c132ba-1351\" data-nextgen-gallery-id=\"cd06ab286d2de3a6aae5287369c132ba\">\n\n\t<h3>image002<\/h3>\n\n\t<div class=\"pic\"><a href=\"http:\/\/www.mcmotylek.cz\/wp-content\/gallery\/2011-05-07-uklid-hriste\/image002.jpg\" title=\" \" class=\"shutterset_cd06ab286d2de3a6aae5287369c132ba\" data-image-id=\"936\" data-src=\"http:\/\/www.mcmotylek.cz\/wp-content\/gallery\/2011-05-07-uklid-hriste\/image002.jpg\" data-thumbnail=\"http:\/\/www.mcmotylek.cz\/wp-content\/gallery\/2011-05-07-uklid-hriste\/thumbs\/thumbs_image002.jpg\" data-title=\"image002\" data-description=\" \"><img alt=\"image002\" src=\"http:\/\/www.mcmotylek.cz\/wp-content\/gallery\/2011-05-07-uklid-hriste\/image002.jpg\"\/><\/a><\/div>\n\t<div class=\"ngg-imagebrowser-nav\"> \n\t\t<div class=\"back\">\n\t\t\t<a class=\"ngg-browser-prev\" id=\"ngg-prev-946\" href=\"http:\/\/www.mcmotylek.cz\/index.php\/nggallery\/image\/image014-20?p=1351\">&#9668; Zp\u011bt<\/a>\n\t\t<\/div>\n\t\t<div class=\"next\">\n\t\t\t<a class=\"ngg-browser-next\" id=\"ngg-next-937\" href=\"http:\/\/www.mcmotylek.cz\/index.php\/nggallery\/image\/image003-47?p=1351\">Dal\u0161\u00ed &#9658;<\/a>\n\t\t<\/div>\n\t\t<div class=\"counter\">Obr\u00e1zek 1 z 11<\/div>\n\t\t<div class=\"ngg-imagebrowser-desc\"><p> <\/p><\/div>\n\t<\/div>\t\n\n<\/div>\t\n\n\n","protected":false},"excerpt":{"rendered":"<p>MC Mot\u00fdlek st\u00e1lo u zrodu d\u011btsk\u00e9ho h\u0159i\u0161t\u011b v T\u00fdnci nad S\u00e1zavou (vedle obchodn\u00edho domu NORI) a ka\u017edoro\u010dn\u011b se spolupod\u00edl\u00ed na jeho \u00fadr\u017eb\u011b. Budeme nat\u00edrat plot a d\u0159evo, ukl\u00edzet nepo\u0159\u00e1dek, zatloukat h\u0159eb\u00edky. Pomoci m\u016f\u017eou tat\u00ednci, maminky, d\u011bti &#8211; zkr\u00e1tka ti, kdo h\u0159i\u0161t\u011b pou\u017e\u00edvaj\u00ed, ale i ostatn\u00ed! S sebou star\u00e9 oble\u010den\u00ed. Materi\u00e1l (\u0161t\u011btce, barvy, rukavice) zaji\u0161\u0165uje M\u011bsto [&hellip;]<\/p>\n","protected":false},"author":2,"featured_media":0,"comment_status":"open","ping_status":"open","sticky":false,"template":"","format":"standard","meta":{"ngg_post_thumbnail":0},"categories":[3],"tags":[65,19],"post_mailing_queue_ids":[],"_links":{"self":[{"href":"http:\/\/www.mcmotylek.cz\/index.php?rest_route=\/wp\/v2\/posts\/1351"}],"collection":[{"href":"http:\/\/www.mcmotylek.cz\/index.php?rest_route=\/wp\/v2\/posts"}],"about":[{"href":"http:\/\/www.mcmotylek.cz\/index.php?rest_route=\/wp\/v2\/types\/post"}],"author":[{"embeddable":true,"href":"http:\/\/www.mcmotylek.cz\/index.php?rest_route=\/wp\/v2\/users\/2"}],"replies":[{"embeddable":true,"href":"http:\/\/www.mcmotylek.cz\/index.php?rest_route=%2Fwp%2Fv2%2Fcomments&post=1351"}],"version-history":[{"count":3,"href":"http:\/\/www.mcmotylek.cz\/index.php?rest_route=\/wp\/v2\/posts\/1351\/revisions"}],"predecessor-version":[{"id":1414,"href":"http:\/\/www.mcmotylek.cz\/index.php?rest_route=\/wp\/v2\/posts\/1351\/revisions\/1414"}],"wp:attachment":[{"href":"http:\/\/www.mcmotylek.cz\/index.php?rest_route=%2Fwp%2Fv2%2Fmedia&parent=1351"}],"wp:term":[{"taxonomy":"category","embeddable":true,"href":"http:\/\/www.mcmotylek.cz\/index.php?rest_route=%2Fwp%2Fv2%2Fcategories&post=1351"},{"taxonomy":"post_tag","embeddable":true,"href":"http:\/\/www.mcmotylek.cz\/index.php?rest_route=%2Fwp%2Fv2%2Ftags&post=1351"}],"curies":[{"name":"wp","href":"https:\/\/api.w.org\/{rel}","templated":true}]}}