{"id":1481,"date":"2011-12-04T16:09:49","date_gmt":"2011-12-04T15:09:49","guid":{"rendered":"http:\/\/www.mcmotylek.cz\/index.php\/?p=1481"},"modified":"2012-01-08T12:45:06","modified_gmt":"2012-01-08T11:45:06","slug":"8-10-2011-workshop-agrese-jak-ni","status":"publish","type":"post","link":"http:\/\/www.mcmotylek.cz\/?p=1481","title":{"rendered":"11.2.2012 semin\u00e1\u0159 Agrese a jak s n\u00ed"},"content":{"rendered":"<p>Znovu V\u00e1s zveme v nov\u00e9m term\u00ednu na semin\u00e1\u0159<\/p>\n<p><strong><span style=\"color: #ff0000;\">Agrese a jak s n\u00ed aneb Nechte kluky zakou\u0161et s\u00edlu!<\/span><\/strong><\/p>\n<p><strong>sobota 11.\u00fanora 2012 od 9 do 18 hodin<\/strong><\/p>\n<p>Jednodenn\u00ed semin\u00e1\u0159 zam\u011b\u0159en\u00fd na <strong><span style=\"color: #000000;\">proaktivn\u00ed pr\u00e1ci s agres\u00ed p\u0159edev\u0161\u00edm (a nejen) u kluk\u016f, a to prost\u0159ednictv\u00edm her a experiment\u016f.<\/span><\/strong><\/p>\n<p>Sou\u010d\u00e1st\u00ed d\u00edlny je rozbor a tr\u00e9nink situac\u00ed na t\u00e9ma \u201ejak pracovat s re\u00e1ln\u00fdmi agresivn\u00edmi a konfliktn\u00edmi projevy d\u011bt\u00ed\u201c. Pom\u011br experiment\u016f a rozboru situac\u00ed z\u00e1le\u017e\u00ed na pot\u0159eb\u00e1ch \u010dlen\u016f skupiny.<\/p>\n<p><strong>Pro koho:<\/strong> rodi\u010de, u\u010ditele a vychovatele d\u011bt\u00ed v\u0161ech v\u011bkov\u00fdch kategori\u00ed<\/p>\n<p><strong>Lekto\u0159i<\/strong>: <em>Mgr.Michal Vyb\u00edral a Mgr.Pavla Vyb\u00edralov\u00e1. <\/em><\/p>\n<p><strong>Cena<\/strong>: 800 K\u010d pro \u010dleny MC, 950 K\u010d pro ostatn\u00ed.\u00a0 Zv\u00fdhodn\u011bn\u00e1 cena pro p\u00e1ry: 700 K\u010d na osobu<\/p>\n<p><strong>P\u0159edb\u011b\u017en\u00e9 p\u0159ihl\u00e1\u0161ky<\/strong> na renata@mcmotylek.cz ji\u017e nyn\u00ed, <strong>z\u00e1vazn\u00e1 rezervace slo\u017een\u00edm z\u00e1lohy 400K\u010d nejpozd\u011bji do 25.1.2012<\/strong><\/p>\n[Download nenalezen]\n","protected":false},"excerpt":{"rendered":"<p>Znovu V\u00e1s zveme v nov\u00e9m term\u00ednu na semin\u00e1\u0159 Agrese a jak s n\u00ed aneb Nechte kluky zakou\u0161et s\u00edlu! sobota 11.\u00fanora 2012 od 9 do 18 hodin Jednodenn\u00ed semin\u00e1\u0159 zam\u011b\u0159en\u00fd na proaktivn\u00ed pr\u00e1ci s agres\u00ed p\u0159edev\u0161\u00edm (a nejen) u kluk\u016f, a to prost\u0159ednictv\u00edm her a experiment\u016f. Sou\u010d\u00e1st\u00ed d\u00edlny je rozbor a tr\u00e9nink situac\u00ed na t\u00e9ma \u201ejak [&hellip;]<\/p>\n","protected":false},"author":2,"featured_media":0,"comment_status":"open","ping_status":"open","sticky":false,"template":"","format":"standard","meta":{"ngg_post_thumbnail":0},"categories":[36],"tags":[],"post_mailing_queue_ids":[],"_links":{"self":[{"href":"http:\/\/www.mcmotylek.cz\/index.php?rest_route=\/wp\/v2\/posts\/1481"}],"collection":[{"href":"http:\/\/www.mcmotylek.cz\/index.php?rest_route=\/wp\/v2\/posts"}],"about":[{"href":"http:\/\/www.mcmotylek.cz\/index.php?rest_route=\/wp\/v2\/types\/post"}],"author":[{"embeddable":true,"href":"http:\/\/www.mcmotylek.cz\/index.php?rest_route=\/wp\/v2\/users\/2"}],"replies":[{"embeddable":true,"href":"http:\/\/www.mcmotylek.cz\/index.php?rest_route=%2Fwp%2Fv2%2Fcomments&post=1481"}],"version-history":[{"count":11,"href":"http:\/\/www.mcmotylek.cz\/index.php?rest_route=\/wp\/v2\/posts\/1481\/revisions"}],"predecessor-version":[{"id":1859,"href":"http:\/\/www.mcmotylek.cz\/index.php?rest_route=\/wp\/v2\/posts\/1481\/revisions\/1859"}],"wp:attachment":[{"href":"http:\/\/www.mcmotylek.cz\/index.php?rest_route=%2Fwp%2Fv2%2Fmedia&parent=1481"}],"wp:term":[{"taxonomy":"category","embeddable":true,"href":"http:\/\/www.mcmotylek.cz\/index.php?rest_route=%2Fwp%2Fv2%2Fcategories&post=1481"},{"taxonomy":"post_tag","embeddable":true,"href":"http:\/\/www.mcmotylek.cz\/index.php?rest_route=%2Fwp%2Fv2%2Ftags&post=1481"}],"curies":[{"name":"wp","href":"https:\/\/api.w.org\/{rel}","templated":true}]}}