{"id":1567,"date":"2011-08-31T06:59:34","date_gmt":"2011-08-31T05:59:34","guid":{"rendered":"http:\/\/www.mcmotylek.cz\/index.php\/?p=1567"},"modified":"2011-09-01T18:50:17","modified_gmt":"2011-09-01T17:50:17","slug":"od-pondeli-5-9-zacina-novy-skolni-rok","status":"publish","type":"post","link":"http:\/\/www.mcmotylek.cz\/?p=1567","title":{"rendered":"Od pond\u011bl\u00ed 5.9. za\u010d\u00edn\u00e1 nov\u00fd Mot\u00fdlkovsk\u00fd rok!"},"content":{"rendered":"<p>V\u00e1\u017een\u00ed rodi\u010de,<\/p>\n<p>pr\u00e1zdniny kon\u010d\u00ed a n\u00e1s \u010dekaj\u00ed spousty <strong><span style=\"color: #808000;\">nov\u00fdch aktivit<\/span><\/strong>:<\/p>\n<p>P\u0159\u00ed\u0161t\u00ed t\u00fdden u n\u00e1s m\u016f\u017eete v <span style=\"color: #ff6600;\">\u00fater\u00fd 6.z\u00e1\u0159\u00ed <\/span>od 9 do 11 hodin ji\u017e prvn\u011b vyu\u017e\u00edt slu\u017eby rodi\u010d\u016fm <span style=\"color: #ff6600;\"><a title=\"Hl\u00edd\u00e1\u010dek\" href=\"http:\/\/www.mcmotylek.cz\/?page_id=1546\" target=\"_self\">HL\u00cdD\u00c1\u010cEK<\/a> <\/span>(telef.objedn\u00e1n\u00ed den p\u0159edem),<\/p>\n<p>ve<span style=\"color: #ff6600;\"> st\u0159edu 7.z\u00e1\u0159\u00ed<\/span> n\u00e1s \u010dekaj\u00ed <a title=\"HS Yamaha\" href=\"http:\/\/www.mcmotylek.cz\/?page_id=1542\" target=\"_self\">UK\u00c1ZKOV\u00c9 HODINY HUDEBN\u00cd \u0160KOLY YAMAHA <\/a>OD 9.00, 9.45 a 10.45 HODIN (objedn\u00e1vka na info@mcmotylek.cz).<\/p>\n<p>Jistotou z\u016fst\u00e1vaj\u00ed herny s v\u00fdtvarn\u00fdm programem<a title=\"Tvo\u0159\u00edkov\u00e9 a \u0160ikulov\u00e9\" href=\"http:\/\/www.mcmotylek.cz\/?page_id=306\" target=\"_self\"> TVO\u0158\u00cdKOV\u00c9 a \u0160IKULOV\u00c9<\/a> ve <span style=\"color: #ff6600;\">st\u0159edu<\/span> od 15.30 a v p\u00e1tek od 9.30 s Vla\u010fkou Tom\u00e1\u0161kovou.<\/p>\n<p>A dal\u0161\u00ed t\u00fdden v<span style=\"color: #ff6600;\"> \u00fater\u00fd 13.z\u00e1\u0159<\/span>\u00ed za\u010d\u00ednaj\u00ed <a title=\"Keramika\" href=\"http:\/\/www.mcmotylek.cz\/?page_id=1548\" target=\"_self\">KURZY KERAMIKY PRO D\u011aTI I DOSP\u011aL\u00c9<\/a> (hla\u0161te se Lence Molitorisov\u00e9)<\/p>\n<p>P\u0159eji V\u00e1m \u0161\u0165astn\u00fd start do nov\u00e9ho \u0161koln\u00edho roku a na shled\u00e1n\u00ed s mot\u00fdlkovsk\u00fdmi programy se t\u011b\u0161\u00ed<\/p>\n<p>Renata Vesel\u00e1<\/p>\n","protected":false},"excerpt":{"rendered":"<p>V\u00e1\u017een\u00ed rodi\u010de, pr\u00e1zdniny kon\u010d\u00ed a n\u00e1s \u010dekaj\u00ed spousty nov\u00fdch aktivit: P\u0159\u00ed\u0161t\u00ed t\u00fdden u n\u00e1s m\u016f\u017eete v \u00fater\u00fd 6.z\u00e1\u0159\u00ed od 9 do 11 hodin ji\u017e prvn\u011b vyu\u017e\u00edt slu\u017eby rodi\u010d\u016fm HL\u00cdD\u00c1\u010cEK (telef.objedn\u00e1n\u00ed den p\u0159edem), ve st\u0159edu 7.z\u00e1\u0159\u00ed n\u00e1s \u010dekaj\u00ed UK\u00c1ZKOV\u00c9 HODINY HUDEBN\u00cd \u0160KOLY YAMAHA OD 9.00, 9.45 a 10.45 HODIN (objedn\u00e1vka na info@mcmotylek.cz). Jistotou z\u016fst\u00e1vaj\u00ed herny s [&hellip;]<\/p>\n","protected":false},"author":2,"featured_media":0,"comment_status":"open","ping_status":"open","sticky":false,"template":"","format":"standard","meta":{"ngg_post_thumbnail":0},"categories":[35],"tags":[42,74,73,19,69],"post_mailing_queue_ids":[],"_links":{"self":[{"href":"http:\/\/www.mcmotylek.cz\/index.php?rest_route=\/wp\/v2\/posts\/1567"}],"collection":[{"href":"http:\/\/www.mcmotylek.cz\/index.php?rest_route=\/wp\/v2\/posts"}],"about":[{"href":"http:\/\/www.mcmotylek.cz\/index.php?rest_route=\/wp\/v2\/types\/post"}],"author":[{"embeddable":true,"href":"http:\/\/www.mcmotylek.cz\/index.php?rest_route=\/wp\/v2\/users\/2"}],"replies":[{"embeddable":true,"href":"http:\/\/www.mcmotylek.cz\/index.php?rest_route=%2Fwp%2Fv2%2Fcomments&post=1567"}],"version-history":[{"count":6,"href":"http:\/\/www.mcmotylek.cz\/index.php?rest_route=\/wp\/v2\/posts\/1567\/revisions"}],"predecessor-version":[{"id":1569,"href":"http:\/\/www.mcmotylek.cz\/index.php?rest_route=\/wp\/v2\/posts\/1567\/revisions\/1569"}],"wp:attachment":[{"href":"http:\/\/www.mcmotylek.cz\/index.php?rest_route=%2Fwp%2Fv2%2Fmedia&parent=1567"}],"wp:term":[{"taxonomy":"category","embeddable":true,"href":"http:\/\/www.mcmotylek.cz\/index.php?rest_route=%2Fwp%2Fv2%2Fcategories&post=1567"},{"taxonomy":"post_tag","embeddable":true,"href":"http:\/\/www.mcmotylek.cz\/index.php?rest_route=%2Fwp%2Fv2%2Ftags&post=1567"}],"curies":[{"name":"wp","href":"https:\/\/api.w.org\/{rel}","templated":true}]}}