{"id":2064,"date":"2012-02-09T23:04:29","date_gmt":"2012-02-09T22:04:29","guid":{"rendered":"http:\/\/www.mcmotylek.cz\/?p=2064"},"modified":"2012-02-23T21:57:02","modified_gmt":"2012-02-23T20:57:02","slug":"maskarni-karneval-23-2","status":"publish","type":"post","link":"http:\/\/www.mcmotylek.cz\/?p=2064","title":{"rendered":"Ma\u0161karn\u00ed karneval 23.2. od 10:00"},"content":{"rendered":"<p>Zveme v\u00e1s na <strong><span style=\"color: #ff6600;\">MA\u0160KARN\u00cd KARNEVAL<\/span><\/strong>, kter\u00fd se bude konat <strong><span style=\"color: #ff6600;\">ve \u010dtvrtek 23.2.<\/span> v\u00a0 r\u00e1mci herny Hrav\u00e9 cvi\u010den\u00ed\u010dko<\/strong>. Karneval za\u010dne v <strong><span style=\"color: #ff6600;\">10:00<\/span><\/strong>, ale p\u0159ij\u00edt m\u016f\u017eete u\u017e d\u0159\u00edve (herna bude standardn\u011b otev\u0159ena od 9:00) a s d\u011btmi se v klidu do masek obl\u00e9knout. P\u0159edpokl\u00e1d\u00e1me z\u00e1v\u011br ve 12:00.<\/p>\n<p><strong>Pro d\u011bti bude p\u0159ipraven bohat\u00fd program pln\u00fd her a sout\u011b\u017e\u00ed, p\u00edsni\u010dek, d\u011btsk\u00e1 diskot\u00e9ka a samoz\u0159ejm\u011b nebudou chyb\u011bt ani odm\u011bny.<\/strong><\/p>\n<p>Ur\u010dit\u011b p\u0159ij\u010fte!<\/p>\n<p><strong>Vstupn\u00e9<\/strong> : pro \u010dleny MC zdarma, pro ostatn\u00ed 40,- K\u010d<\/p>\n<p>bude p\u0159ipravena i kasi\u010dka na dobrovoln\u00e9 p\u0159\u00edsp\u011bvky na odm\u011bny pro d\u011bti:-)<\/p>\n<p><strong>Kontakt<\/strong>: Lucka Vi\u0161vardov\u00e1, info@mcmotylek.cz, tel. 603 400 476<\/p>\n\n<!-- YouTube Embed v5.2.3 -->\n<div class=\"youtube-embed\">\n\t<iframe style=\"border: 0;\" class=\"youtube-player\" width=\"200\" height=\"167\" src=\"https:\/\/www.youtube.com\/embed\/7WycEMtU--g?modestbranding=1&fs=0&rel=0&cc_load_policy=0\"><\/iframe>\n<\/div>\n<!-- End of YouTube Embed code. Generated in 0.02075 seconds -->\n\n<p>&nbsp;<\/p>\n<p>&nbsp;<\/p>\n","protected":false},"excerpt":{"rendered":"<p>Zveme v\u00e1s na MA\u0160KARN\u00cd KARNEVAL, kter\u00fd se bude konat ve \u010dtvrtek 23.2. v\u00a0 r\u00e1mci herny Hrav\u00e9 cvi\u010den\u00ed\u010dko. Karneval za\u010dne v 10:00, ale p\u0159ij\u00edt m\u016f\u017eete u\u017e d\u0159\u00edve (herna bude standardn\u011b otev\u0159ena od 9:00) a s d\u011btmi se v klidu do masek obl\u00e9knout. P\u0159edpokl\u00e1d\u00e1me z\u00e1v\u011br ve 12:00. Pro d\u011bti bude p\u0159ipraven bohat\u00fd program pln\u00fd her a sout\u011b\u017e\u00ed, [&hellip;]<\/p>\n","protected":false},"author":15,"featured_media":0,"comment_status":"open","ping_status":"open","sticky":false,"template":"","format":"standard","meta":{"ngg_post_thumbnail":0},"categories":[3,35],"tags":[89],"post_mailing_queue_ids":[],"_links":{"self":[{"href":"http:\/\/www.mcmotylek.cz\/index.php?rest_route=\/wp\/v2\/posts\/2064"}],"collection":[{"href":"http:\/\/www.mcmotylek.cz\/index.php?rest_route=\/wp\/v2\/posts"}],"about":[{"href":"http:\/\/www.mcmotylek.cz\/index.php?rest_route=\/wp\/v2\/types\/post"}],"author":[{"embeddable":true,"href":"http:\/\/www.mcmotylek.cz\/index.php?rest_route=\/wp\/v2\/users\/15"}],"replies":[{"embeddable":true,"href":"http:\/\/www.mcmotylek.cz\/index.php?rest_route=%2Fwp%2Fv2%2Fcomments&post=2064"}],"version-history":[{"count":5,"href":"http:\/\/www.mcmotylek.cz\/index.php?rest_route=\/wp\/v2\/posts\/2064\/revisions"}],"predecessor-version":[{"id":2089,"href":"http:\/\/www.mcmotylek.cz\/index.php?rest_route=\/wp\/v2\/posts\/2064\/revisions\/2089"}],"wp:attachment":[{"href":"http:\/\/www.mcmotylek.cz\/index.php?rest_route=%2Fwp%2Fv2%2Fmedia&parent=2064"}],"wp:term":[{"taxonomy":"category","embeddable":true,"href":"http:\/\/www.mcmotylek.cz\/index.php?rest_route=%2Fwp%2Fv2%2Fcategories&post=2064"},{"taxonomy":"post_tag","embeddable":true,"href":"http:\/\/www.mcmotylek.cz\/index.php?rest_route=%2Fwp%2Fv2%2Ftags&post=2064"}],"curies":[{"name":"wp","href":"https:\/\/api.w.org\/{rel}","templated":true}]}}