{"id":2211,"date":"2012-03-26T22:31:36","date_gmt":"2012-03-26T21:31:36","guid":{"rendered":"http:\/\/www.mcmotylek.cz\/?p=2211"},"modified":"2012-03-26T23:18:49","modified_gmt":"2012-03-26T22:18:49","slug":"cely-duben-se-mc-motylek-neco-deje","status":"publish","type":"post","link":"http:\/\/www.mcmotylek.cz\/?p=2211","title":{"rendered":"CEL\u00dd DUBEN SE V MC MOT\u00ddLEK N\u011aCO D\u011aJE&#8230;"},"content":{"rendered":"<h4><span style=\"color: #ff6600;\">P\u0159in\u00e1\u0161\u00edme v\u00e1m p\u0159ehled akc\u00ed, kter\u00e9 MC Mot\u00fdlek po\u0159\u00e1d\u00e1 v m\u011bs\u00edci dubnu 2012.<\/span><\/h4>\n<h2><span style=\"color: #99cc00;\"><strong>Duben &#8211; m\u011bs\u00edc kor\u00e1lkov\u00e1n\u00ed v MC Mot\u00fdlek<\/strong><\/span><\/h2>\n<p>KDY? <span style=\"color: #ff6600;\">Cel\u00fd duben<\/span><br \/>\nKDE? Herna MC Mot\u00fdlek<\/p>\n<p>MC Mot\u00fdlek se rozhodlo zapojit do <span style=\"color: #ff6600;\">charitativn\u00ed akce Kor\u00e1lki\u00e1da<\/span>. C\u00edlem je navl\u00e9knout co nejdel\u0161\u00ed \u0161\u0148\u016fru kor\u00e1lk\u016f, kter\u00e9 pak poputuj\u00ed k posti\u017een\u00fdm do vybran\u00fdch chr\u00e1n\u011bn\u00fdch d\u00edlen.<br \/>\nV\u00edce informac\u00ed na www.mcmotylek.cz nebo na www.koralkiada.potvor.cz<br \/>\n<span style=\"color: #ff6600;\">V pr\u016fb\u011bhu b\u0159ezna a dubna m\u016f\u017eete do Mot\u00fdlku nosit kor\u00e1lky, kter\u00e9 se budou n\u00e1sledn\u011b v d\u00edlni\u010dk\u00e1ch<\/span> <span style=\"color: #ff6600;\">navl\u00e9kat. <\/span><\/p>\n<p><span style=\"color: #ff6600;\">Pomozte i vy!<\/span><\/p>\n<h2><span style=\"color: #99cc00;\"><strong>Dopoledne v py\u017eamech aneb s Ve\u010dern\u00ed\u010dkem do hajan je\u0161t\u011b p\u0159ed polednem<\/strong><\/span><\/h2>\n<p>KDY? <span style=\"color: #ff6600;\">5.4. od 10 hodin<\/span><br \/>\nKDE? Herna MC Mot\u00fdlek<\/p>\n<p><span style=\"color: #ff6600;\">Podrobn\u00e9 info nleznete na www.mcmotylek.cz anebo na samostatn\u00e9m plak\u00e1tu.<\/span><\/p>\n<h2><\/h2>\n<h2><span style=\"color: #99cc00;\"><strong>\u010cist\u00e1 \u0159eka S\u00e1zava<\/strong><\/span><\/h2>\n<p>KDY? <span style=\"color: #ff6600;\">13.4. od 16 hodin<\/span><br \/>\nKDE? N\u00e1kl\u00ed, T\u00fdnec nad S\u00e1zavou<br \/>\nZveme v\u0161echny p\u0159\u00e1tele a p\u0159\u00edznivce \u0159eky S\u00e1zavy, d\u011bti i dosp\u011bl\u00e9, na <span style=\"color: #ff6600;\">spole\u010dn\u00e9 \u010di\u0161t\u011bn\u00ed b\u0159eh\u016f \u0159eky S\u00e1zavy v T\u00fdnci n\/S v N\u00e1kl\u00ed.<\/span><br \/>\nS sebou si vezm\u011bte rukavice pro sebe i d\u011bti. <span style=\"color: #ff6600;\">P\u0159ij\u010fte pomoci p\u0159\u00edrod\u011b ve va\u0161em m\u011bst\u011b!<\/span><\/p>\n<p>&nbsp;<\/p>\n<h2><span style=\"color: #99cc00;\"><strong>\u0160kolen\u00ed 1.pomoci u d\u011bt\u00ed od narozen\u00ed do 6-ti let s akreditac\u00ed M\u0160MT<\/strong><\/span><\/h2>\n<p>KDY? <span style=\"color: #ff6600;\">21.4. 9:00-12:00<\/span><br \/>\nKDE? Herna MC Mot\u00fdlek<br \/>\nCENA: <span style=\"color: #ff6600;\">300 K\u010c (v\u010detn\u011b certifik\u00e1tu)<\/span> &#8211; z\u00e1lohu 200 K\u010d nutno uhradit do 13.4.!<br \/>\nP\u0159ij\u010fte na n\u00e1\u0161 semin\u00e1\u0159 a osvojte si postupy <span style=\"color: #ff6600;\">(teorii i praktick\u00fd n\u00e1cvik<\/span>), jak \u0159e\u0161it nap\u0159. : uvoln\u011bn\u00ed d\u00fdchac\u00edch cest, um\u011bl\u00e9 d\u00fdch\u00e1n\u00ed,<br \/>\nmas\u00e1\u017e srdce, zlomeniny kon\u010detin , podvrtnut\u00ed, krv\u00e1cen\u00ed a z\u00e1stava krv\u00e1cen\u00ed, tonut\u00ed, pop\u00e1leniny, polept\u00e1n\u00ed \u2026<\/p>\n<p>Z\u00e1vazn\u00e9 p\u0159ihl\u00e1\u0161ky zas\u00edlejte na info@mcmotylek.cz nebo na tel. 603 400 476.<\/p>\n<p>&nbsp;<\/p>\n<h2><span style=\"color: #99cc00;\"><strong>\u010carod\u011bjnice<\/strong><\/span><\/h2>\n<p>KDY? <span style=\"color: #ff6600;\">26.4. od 16 hodin<\/span><br \/>\nKDE? N\u00e1kl\u00ed, T\u00fdnec nad S\u00e1zavou\u00a0\u00a0\u00a0\u00a0\u00a0\u00a0\u00a0\u00a0\u00a0\u00a0\u00a0\u00a0\u00a0\u00a0\u00a0\u00a0\u00a0\u00a0\u00a0\u00a0\u00a0\u00a0\u00a0\u00a0\u00a0\u00a0\u00a0\u00a0\u00a0\u00a0\u00a0\u00a0\u00a0\u00a0\u00a0\u00a0\u00a0\u00a0\u00a0\u00a0\u00a0\u00a0\u00a0\u00a0\u00a0\u00a0\u00a0\u00a0\u00a0\u00a0\u00a0\u00a0\u00a0\u00a0\u00a0\u00a0\u00a0\u00a0\u00a0\u00a0\u00a0\u00a0\u00a0\u00a0\u00a0\u00a0\u00a0\u00a0\u00a0\u00a0\u00a0\u00a0\u00a0\u00a0\u00a0\u00a0\u00a0\u00a0\u00a0\u00a0\u00a0\u00a0\u00a0\u00a0\u00a0\u00a0\u00a0\u00a0\u00a0\u00a0\u00a0\u00a0\u00a0\u00a0\u00a0\u00a0\u00a0\u00a0\u00a0\u00a0\u00a0\u00a0\u00a0\u00a0\u00a0\u00a0\u00a0\u00a0\u00a0\u00a0\u00a0\u00a0\u00a0\u00a0\u00a0\u00a0\u00a0\u00a0\u00a0\u00a0\u00a0\u00a0\u00a0\u00a0\u00a0\u00a0\u00a0\u00a0\u00a0\u00a0\u00a0\u00a0\u00a0\u00a0\u00a0\u00a0\u00a0\u00a0\u00a0\u00a0\u00a0\u00a0\u00a0\u00a0\u00a0\u00a0\u00a0\u00a0\u00a0\u00a0\u00a0\u00a0\u00a0\u00a0\u00a0\u00a0\u00a0\u00a0\u00a0\u00a0\u00a0\u00a0\u00a0\u00a0\u00a0\u00a0\u00a0\u00a0\u00a0\u00a0\u00a0\u00a0\u00a0\u00a0\u00a0\u00a0\u00a0\u00a0\u00a0\u00a0\u00a0\u00a0\u00a0\u00a0\u00a0\u00a0\u00a0\u00a0\u00a0\u00a0\u00a0\u00a0\u00a0\u00a0\u00a0\u00a0\u00a0 CENA: 20 K\u010d za d\u00edt\u011b<\/p>\n<p><span style=\"color: #ff6600;\">Pro d\u011bti jsou p\u0159ipraveny r\u016fzn\u00e9 sout\u011b\u017ee, vyrob\u00ed si malou \u010darod\u011bjni\u010dku a spole\u010dn\u011b si ope\u010deme bu\u0159ty<\/span> (doneste si pros\u00edm vlastn\u00ed).<br \/>\nKost\u00fdmy s \u010darod\u011bjnickou t\u00e9matikou jsou v\u00edt\u00e1ny!<\/p>\n<p>&nbsp;<\/p>\n<p>Podrobn\u00e9 informace k akc\u00edm naleznete na www.mcmotylek.cz nebo kontaktujte Lucku Vi\u0161vardovou (603 400 476) a Lenku Molitorisovou (777 870 585)<\/p>\n<p>Plak\u00e1t ke sta\u017een\u00ed zde: [Download nenalezen]\n","protected":false},"excerpt":{"rendered":"<p>P\u0159in\u00e1\u0161\u00edme v\u00e1m p\u0159ehled akc\u00ed, kter\u00e9 MC Mot\u00fdlek po\u0159\u00e1d\u00e1 v m\u011bs\u00edci dubnu 2012. Duben &#8211; m\u011bs\u00edc kor\u00e1lkov\u00e1n\u00ed v MC Mot\u00fdlek KDY? Cel\u00fd duben KDE? Herna MC Mot\u00fdlek MC Mot\u00fdlek se rozhodlo zapojit do charitativn\u00ed akce Kor\u00e1lki\u00e1da. C\u00edlem je navl\u00e9knout co nejdel\u0161\u00ed \u0161\u0148\u016fru kor\u00e1lk\u016f, kter\u00e9 pak poputuj\u00ed k posti\u017een\u00fdm do vybran\u00fdch chr\u00e1n\u011bn\u00fdch d\u00edlen. V\u00edce informac\u00ed na www.mcmotylek.cz [&hellip;]<\/p>\n","protected":false},"author":15,"featured_media":0,"comment_status":"open","ping_status":"open","sticky":false,"template":"","format":"standard","meta":{"ngg_post_thumbnail":0},"categories":[3,36],"tags":[91,126,125],"post_mailing_queue_ids":[],"_links":{"self":[{"href":"http:\/\/www.mcmotylek.cz\/index.php?rest_route=\/wp\/v2\/posts\/2211"}],"collection":[{"href":"http:\/\/www.mcmotylek.cz\/index.php?rest_route=\/wp\/v2\/posts"}],"about":[{"href":"http:\/\/www.mcmotylek.cz\/index.php?rest_route=\/wp\/v2\/types\/post"}],"author":[{"embeddable":true,"href":"http:\/\/www.mcmotylek.cz\/index.php?rest_route=\/wp\/v2\/users\/15"}],"replies":[{"embeddable":true,"href":"http:\/\/www.mcmotylek.cz\/index.php?rest_route=%2Fwp%2Fv2%2Fcomments&post=2211"}],"version-history":[{"count":8,"href":"http:\/\/www.mcmotylek.cz\/index.php?rest_route=\/wp\/v2\/posts\/2211\/revisions"}],"predecessor-version":[{"id":2225,"href":"http:\/\/www.mcmotylek.cz\/index.php?rest_route=\/wp\/v2\/posts\/2211\/revisions\/2225"}],"wp:attachment":[{"href":"http:\/\/www.mcmotylek.cz\/index.php?rest_route=%2Fwp%2Fv2%2Fmedia&parent=2211"}],"wp:term":[{"taxonomy":"category","embeddable":true,"href":"http:\/\/www.mcmotylek.cz\/index.php?rest_route=%2Fwp%2Fv2%2Fcategories&post=2211"},{"taxonomy":"post_tag","embeddable":true,"href":"http:\/\/www.mcmotylek.cz\/index.php?rest_route=%2Fwp%2Fv2%2Ftags&post=2211"}],"curies":[{"name":"wp","href":"https:\/\/api.w.org\/{rel}","templated":true}]}}