{"id":2471,"date":"2012-05-05T23:30:20","date_gmt":"2012-05-05T22:30:20","guid":{"rendered":"http:\/\/www.mcmotylek.cz\/?p=2471"},"modified":"2012-05-05T23:30:20","modified_gmt":"2012-05-05T22:30:20","slug":"vlackem-na-detske-hriste-cercan-15-5","status":"publish","type":"post","link":"http:\/\/www.mcmotylek.cz\/?p=2471","title":{"rendered":"Vl\u00e1\u010dkem na d\u011btsk\u00e9 h\u0159i\u0161t\u011b do \u010cer\u010dan &#8211; 15.5."},"content":{"rendered":"<p>Poje\u010fte s n\u00e1mi na kr\u00e1tk\u00fd <span style=\"color: #000000;\"><strong>v\u00fdlet do \u010cer\u010dan,<\/strong><\/span> kde d\u011bti objev\u00ed spoustu z\u00e1bavy na velk\u00e9m <strong><span style=\"color: #ff6600;\">d\u011btsk\u00e9m h\u0159i\u0161ti pln\u00e9m klouza\u010dek, houpa\u010dek a prol\u00e9za\u010dek\u2026<\/span><\/strong><\/p>\n<p><strong><em>Z\u00e1\u017eitkem pro va\u0161e d\u011bti m\u016f\u017ee b\u00fdt i samotn\u00e1 j\u00edzda vl\u00e1\u010dkem!<\/em><\/strong><\/p>\n<p><span style=\"text-decoration: underline;\"><strong>Kdy?<\/strong><\/span> <span style=\"color: #ff6600;\"><strong>15.5. (sraz na vlakov\u00e9m n\u00e1dra\u017e\u00ed v T\u00fdnci n\/S\u00e1z.)<\/strong><\/span><br \/>\n<strong>8:48 Odjezd z T\u00fdnce<\/strong> (9:07 p\u0159\u00edjezd do \u010cer\u010dan)<br \/>\n<strong>11:17 Odjezd z \u010cer\u010dan<\/strong> (11:33 p\u0159\u00edjezd zp\u011bt do T\u00fdnce)<\/p>\n<p>Za nep\u0159\u00edzniv\u00e9ho po\u010das\u00ed se akce ru\u0161\u00ed.<\/p>\n<p><span style=\"text-decoration: underline;\">Kontakt a info:<\/span> Lucka Vi\u0161vardov\u00e1 tel: 603 400 476, info@mcmotylek.cz, www.mcmotylek.cz<\/p>\n","protected":false},"excerpt":{"rendered":"<p>Poje\u010fte s n\u00e1mi na kr\u00e1tk\u00fd v\u00fdlet do \u010cer\u010dan, kde d\u011bti objev\u00ed spoustu z\u00e1bavy na velk\u00e9m d\u011btsk\u00e9m h\u0159i\u0161ti pln\u00e9m klouza\u010dek, houpa\u010dek a prol\u00e9za\u010dek\u2026 Z\u00e1\u017eitkem pro va\u0161e d\u011bti m\u016f\u017ee b\u00fdt i samotn\u00e1 j\u00edzda vl\u00e1\u010dkem! Kdy? 15.5. (sraz na vlakov\u00e9m n\u00e1dra\u017e\u00ed v T\u00fdnci n\/S\u00e1z.) 8:48 Odjezd z T\u00fdnce (9:07 p\u0159\u00edjezd do \u010cer\u010dan) 11:17 Odjezd z \u010cer\u010dan (11:33 p\u0159\u00edjezd [&hellip;]<\/p>\n","protected":false},"author":15,"featured_media":0,"comment_status":"open","ping_status":"open","sticky":false,"template":"","format":"standard","meta":{"ngg_post_thumbnail":0},"categories":[3],"tags":[91],"post_mailing_queue_ids":[],"_links":{"self":[{"href":"http:\/\/www.mcmotylek.cz\/index.php?rest_route=\/wp\/v2\/posts\/2471"}],"collection":[{"href":"http:\/\/www.mcmotylek.cz\/index.php?rest_route=\/wp\/v2\/posts"}],"about":[{"href":"http:\/\/www.mcmotylek.cz\/index.php?rest_route=\/wp\/v2\/types\/post"}],"author":[{"embeddable":true,"href":"http:\/\/www.mcmotylek.cz\/index.php?rest_route=\/wp\/v2\/users\/15"}],"replies":[{"embeddable":true,"href":"http:\/\/www.mcmotylek.cz\/index.php?rest_route=%2Fwp%2Fv2%2Fcomments&post=2471"}],"version-history":[{"count":3,"href":"http:\/\/www.mcmotylek.cz\/index.php?rest_route=\/wp\/v2\/posts\/2471\/revisions"}],"predecessor-version":[{"id":2474,"href":"http:\/\/www.mcmotylek.cz\/index.php?rest_route=\/wp\/v2\/posts\/2471\/revisions\/2474"}],"wp:attachment":[{"href":"http:\/\/www.mcmotylek.cz\/index.php?rest_route=%2Fwp%2Fv2%2Fmedia&parent=2471"}],"wp:term":[{"taxonomy":"category","embeddable":true,"href":"http:\/\/www.mcmotylek.cz\/index.php?rest_route=%2Fwp%2Fv2%2Fcategories&post=2471"},{"taxonomy":"post_tag","embeddable":true,"href":"http:\/\/www.mcmotylek.cz\/index.php?rest_route=%2Fwp%2Fv2%2Ftags&post=2471"}],"curies":[{"name":"wp","href":"https:\/\/api.w.org\/{rel}","templated":true}]}}