{"id":2499,"date":"2012-05-12T13:24:10","date_gmt":"2012-05-12T12:24:10","guid":{"rendered":"http:\/\/www.mcmotylek.cz\/?p=2499"},"modified":"2012-05-13T10:03:47","modified_gmt":"2012-05-13T09:03:47","slug":"koralkiada-skoncila","status":"publish","type":"post","link":"http:\/\/www.mcmotylek.cz\/?p=2499","title":{"rendered":"Kor\u00e1lki\u00e1da skon\u010dila!"},"content":{"rendered":"<p><strong><span style=\"color: #000000;\">Tento t\u00fdden jsme ukon\u010dili projekt Kor\u00e1lki\u00e1da<\/span><\/strong>, kdy jsme spole\u010dn\u011b s\u00a0d\u011btmi navl\u00e9kali kor\u00e1lky, kter\u00e9 n\u00e1sledn\u011b poputuj\u00ed \u00a0zdravotn\u011b posti\u017een\u00fdm do vybran\u00fdch chr\u00e1n\u011bn\u00fdch d\u00edlen a \u00fastav\u016f.<\/p>\n<h2>Akce byla opravdu \u00fasp\u011b\u0161n\u00e1, <span style=\"color: #ff6600;\">spole\u010dn\u011b jsme navl\u00e9kli neuv\u011b\u0159iteln\u00fdch 29,2 m kor\u00e1lk\u016f!!!<\/span><\/h2>\n<p><span style=\"color: #ff6600;\"><strong>V\u0161em, kte\u0159\u00ed se do akce jakkoli zapojili, moc d\u011bkujeme<\/strong>,<strong> <span style=\"color: #000000;\">zejm\u00e9na d\u011bkujeme Vla\u010fce Tom\u00e1\u0161kov\u00e9 a jej\u00edm sv\u011b\u0159enkyn\u00edm z\u00a0v\u00fdtvarn\u00fdch krou\u017ek\u016f.<\/span><\/strong><\/span><\/p>\n<p>Mysl\u00edm, \u017ee n\u00e1s m\u016f\u017ee h\u0159\u00e1t pocit, \u017ee jsme skute\u010dn\u011b pomohli dobr\u00e9 v\u011bci!<\/p>\n<p><img loading=\"lazy\" class=\"size-medium wp-image-2504 alignnone\" title=\"kor\u00e1lki\u00e1da\" src=\"http:\/\/www.mcmotylek.cz\/wp-content\/uploads\/2012\/05\/kor\u00e1lki\u00e1da-300x225.jpg\" alt=\"\" width=\"300\" height=\"225\" srcset=\"http:\/\/www.mcmotylek.cz\/wp-content\/uploads\/2012\/05\/kor\u00e1lki\u00e1da-300x225.jpg 300w, http:\/\/www.mcmotylek.cz\/wp-content\/uploads\/2012\/05\/kor\u00e1lki\u00e1da.jpg 800w\" sizes=\"(max-width: 300px) 100vw, 300px\" \/><\/p>\n<p>&nbsp;<\/p>\n","protected":false},"excerpt":{"rendered":"<p>Tento t\u00fdden jsme ukon\u010dili projekt Kor\u00e1lki\u00e1da, kdy jsme spole\u010dn\u011b s d\u011btmi navl\u00e9kali kor\u00e1lky, kter\u00e9 n\u00e1sledn\u011b poputuj\u00ed  zdravotn\u011b posti\u017een\u00fdm do vybran\u00fdch chr\u00e1n\u011bn\u00fdch d\u00edlen a \u00fastav\u016f. Akce byla opravdu \u00fasp\u011b\u0161n\u00e1, spole\u010dn\u011b jsme navl\u00e9kli neuv\u011b\u0159iteln\u00fdch 29,2 m kor\u00e1lk\u016f!!! V\u0161em, kte\u0159\u00ed se do akce jakkoli zapojili, moc d\u011bkujeme.<\/p>\n","protected":false},"author":15,"featured_media":0,"comment_status":"open","ping_status":"open","sticky":false,"template":"","format":"standard","meta":{"ngg_post_thumbnail":0},"categories":[3],"tags":[14],"post_mailing_queue_ids":[],"_links":{"self":[{"href":"http:\/\/www.mcmotylek.cz\/index.php?rest_route=\/wp\/v2\/posts\/2499"}],"collection":[{"href":"http:\/\/www.mcmotylek.cz\/index.php?rest_route=\/wp\/v2\/posts"}],"about":[{"href":"http:\/\/www.mcmotylek.cz\/index.php?rest_route=\/wp\/v2\/types\/post"}],"author":[{"embeddable":true,"href":"http:\/\/www.mcmotylek.cz\/index.php?rest_route=\/wp\/v2\/users\/15"}],"replies":[{"embeddable":true,"href":"http:\/\/www.mcmotylek.cz\/index.php?rest_route=%2Fwp%2Fv2%2Fcomments&post=2499"}],"version-history":[{"count":5,"href":"http:\/\/www.mcmotylek.cz\/index.php?rest_route=\/wp\/v2\/posts\/2499\/revisions"}],"predecessor-version":[{"id":2507,"href":"http:\/\/www.mcmotylek.cz\/index.php?rest_route=\/wp\/v2\/posts\/2499\/revisions\/2507"}],"wp:attachment":[{"href":"http:\/\/www.mcmotylek.cz\/index.php?rest_route=%2Fwp%2Fv2%2Fmedia&parent=2499"}],"wp:term":[{"taxonomy":"category","embeddable":true,"href":"http:\/\/www.mcmotylek.cz\/index.php?rest_route=%2Fwp%2Fv2%2Fcategories&post=2499"},{"taxonomy":"post_tag","embeddable":true,"href":"http:\/\/www.mcmotylek.cz\/index.php?rest_route=%2Fwp%2Fv2%2Ftags&post=2499"}],"curies":[{"name":"wp","href":"https:\/\/api.w.org\/{rel}","templated":true}]}}