{"id":2528,"date":"2012-06-07T21:54:51","date_gmt":"2012-06-07T20:54:51","guid":{"rendered":"http:\/\/www.mcmotylek.cz\/?p=2528"},"modified":"2012-06-07T22:01:09","modified_gmt":"2012-06-07T21:01:09","slug":"vylet-do-hrebcina-favory-v-benicich-15-6","status":"publish","type":"post","link":"http:\/\/www.mcmotylek.cz\/?p=2528","title":{"rendered":"V\u00fdlet do h\u0159eb\u010d\u00edna Favory v Benic\u00edch \u2013 15.6."},"content":{"rendered":"<p>M\u00e1te r\u00e1di zv\u00ed\u0159\u00e1tka? A obzvl\u00e1\u0161\u0165 kon\u00edky? <strong>Poje\u010fte s\u00a0n\u00e1mi na v\u00fdlet, na kter\u00fd budou d\u011bti dlouho vzpom\u00ednat.<\/strong><\/p>\n<h4>P\u016fjdeme spole\u010dn\u011b na <strong><span style=\"color: #ff0000;\">prohl\u00eddku h\u0159eb\u010d\u00edna<\/span>,<\/strong> prohl\u00e9dneme si <strong><span style=\"color: #ff0000;\">zv\u00ed\u0159\u00e1tka v\u00a0minizoo<\/span>,<\/strong> z\u00e1jemci se mohou <strong><span style=\"color: #ff0000;\">sv\u00e9zt na pon\u00edc\u00edch<\/span><\/strong>, d\u011bti se vy\u0159\u00e1d\u00ed na <strong><span style=\"color: #ff0000;\">prol\u00e9za\u010dk\u00e1ch<\/span><\/strong>\u2026.A proto\u017ee program bude opravdu nabit\u00fd, energii na\u010derp\u00e1me\u00a0v\u00a0kr\u00e1sn\u00e9 <strong><span style=\"color: #ff0000;\">stylov\u00e9 hosp\u016fdce<\/span><\/strong>&#8230;<\/h4>\n<h4><strong>Kdy? 15.6., sraz v\u00a09:00<\/strong> p\u0159ed MC Mot\u00fdlek, <strong>odjezd cca v\u00a09:15<\/strong> (n\u00e1vrat dle aktu\u00e1ln\u00ed situace)<\/h4>\n<p><em>Pojedeme <strong>vlastn\u00edmi auty<\/strong>, ale budeme se sna\u017eit se vm\u011bstnat do co nejmen\u0161\u00edho po\u010dtu aut (v\u00a0r\u00e1mci \u00faspory \u017eivotn\u00edho prost\u0159ed\u00ed)<\/em><\/p>\n<p><span style=\"text-decoration: underline;\">Kontakt a bli\u017e\u0161\u00ed info<\/span>: Lucka Vi\u0161vardov\u00e1, <a href=\"mailto:info@mcmotylek.cz\">info@mcmotylek.cz<\/a>, tel. 603\u00a0400 476<\/p>\n","protected":false},"excerpt":{"rendered":"<p>M\u00e1te r\u00e1di zv\u00ed\u0159\u00e1tka? A obzvl\u00e1\u0161\u0165 kon\u00edky? Poje\u010fte s\u00a0n\u00e1mi na v\u00fdlet, na kter\u00fd budou d\u011bti dlouho vzpom\u00ednat. P\u016fjdeme spole\u010dn\u011b na prohl\u00eddku h\u0159eb\u010d\u00edna, prohl\u00e9dneme si zv\u00ed\u0159\u00e1tka v\u00a0minizoo, z\u00e1jemci se mohou sv\u00e9zt na pon\u00edc\u00edch, d\u011bti se vy\u0159\u00e1d\u00ed na prol\u00e9za\u010dk\u00e1ch\u2026.A proto\u017ee program bude opravdu nabit\u00fd, energii na\u010derp\u00e1me\u00a0v\u00a0kr\u00e1sn\u00e9 stylov\u00e9 hosp\u016fdce&#8230; Kdy? 15.6., sraz v\u00a09:00 p\u0159ed MC Mot\u00fdlek, odjezd cca v\u00a09:15 [&hellip;]<\/p>\n","protected":false},"author":15,"featured_media":0,"comment_status":"open","ping_status":"open","sticky":false,"template":"","format":"standard","meta":{"ngg_post_thumbnail":0},"categories":[3],"tags":[91],"post_mailing_queue_ids":[],"_links":{"self":[{"href":"http:\/\/www.mcmotylek.cz\/index.php?rest_route=\/wp\/v2\/posts\/2528"}],"collection":[{"href":"http:\/\/www.mcmotylek.cz\/index.php?rest_route=\/wp\/v2\/posts"}],"about":[{"href":"http:\/\/www.mcmotylek.cz\/index.php?rest_route=\/wp\/v2\/types\/post"}],"author":[{"embeddable":true,"href":"http:\/\/www.mcmotylek.cz\/index.php?rest_route=\/wp\/v2\/users\/15"}],"replies":[{"embeddable":true,"href":"http:\/\/www.mcmotylek.cz\/index.php?rest_route=%2Fwp%2Fv2%2Fcomments&post=2528"}],"version-history":[{"count":8,"href":"http:\/\/www.mcmotylek.cz\/index.php?rest_route=\/wp\/v2\/posts\/2528\/revisions"}],"predecessor-version":[{"id":2535,"href":"http:\/\/www.mcmotylek.cz\/index.php?rest_route=\/wp\/v2\/posts\/2528\/revisions\/2535"}],"wp:attachment":[{"href":"http:\/\/www.mcmotylek.cz\/index.php?rest_route=%2Fwp%2Fv2%2Fmedia&parent=2528"}],"wp:term":[{"taxonomy":"category","embeddable":true,"href":"http:\/\/www.mcmotylek.cz\/index.php?rest_route=%2Fwp%2Fv2%2Fcategories&post=2528"},{"taxonomy":"post_tag","embeddable":true,"href":"http:\/\/www.mcmotylek.cz\/index.php?rest_route=%2Fwp%2Fv2%2Ftags&post=2528"}],"curies":[{"name":"wp","href":"https:\/\/api.w.org\/{rel}","templated":true}]}}