{"id":2733,"date":"2012-10-25T20:51:58","date_gmt":"2012-10-25T19:51:58","guid":{"rendered":"http:\/\/www.mcmotylek.cz\/?p=2733"},"modified":"2012-10-25T20:56:47","modified_gmt":"2012-10-25T19:56:47","slug":"drakiada-4-11-od-1500-hodin","status":"publish","type":"post","link":"http:\/\/www.mcmotylek.cz\/?p=2733","title":{"rendered":"Draki\u00e1da &#8211; 4.11. od 15:00 hodin"},"content":{"rendered":"<h3>Zveme v\u0161echny d\u011bti i dosp\u011bl\u00e9 na<\/h3>\n<h1><span style=\"text-decoration: underline; color: #ff0000;\"><span style=\"text-decoration: underline;\"><strong>D<span style=\"text-decoration: underline;\">R<\/span><span style=\"text-decoration: underline;\">A<\/span><span style=\"text-decoration: underline;\">K<\/span><span style=\"text-decoration: underline;\">I<\/span><span style=\"text-decoration: underline;\">\u00c1<\/span><span style=\"text-decoration: underline;\">D<\/span>U<\/strong><\/span><\/span><\/h1>\n<h3><span style=\"color: #ff0000;\"><strong>v ned\u011bli 4.listopadu 2012 od 15.00 hodin<\/strong> <\/span><\/h3>\n<h4>na louce pod lesem \u2013 za M\u0160 T\u00fdnec nad S\u00e1zavou sm\u011brem k lesu<\/h4>\n<h3><span style=\"color: #ff0000;\"><strong><span style=\"text-decoration: underline;\">PROGRAM:<\/span><\/strong><\/span><br \/>\n15.00 \u2013 15.15: p\u0159ihla\u0161ov\u00e1n\u00ed z\u00e1vodn\u00edk\u016f u ohni\u0161t\u011b<br \/>\n15.30: start z\u00e1vodu o \u201eDraka, kter\u00fd l\u00e9t\u00e1 nejd\u00e9le\u201c<br \/>\n16.30: vyhl\u00e1\u0161en\u00ed v\u00fdsledk\u016f z\u00e1vod\u016f a ud\u00edlen\u00ed cen<\/h3>\n<h3><span style=\"text-decoration: underline;\"><em><span style=\"color: #000000; text-decoration: underline;\">V pr\u016fb\u011bhu odpoledne je k dispozici ohe\u0148 k pe\u010den\u00ed bu\u0159t\u016f!<\/span><\/em><\/span><\/h3>\n<h4><span style=\"color: #ff0000;\">S SEBOU<\/span>: draka, v\u011bci k pe\u010den\u00ed na ohni (bu\u0159t\u00edky, chleba, ho\u0159\u010dici,..)<br \/>\n<span style=\"color: #ff0000;\">STARTOVN\u00c9<\/span>: 20 K\u010d (p\u0159\u00edsp\u011bvek na ceny pro d\u011bti)<\/h4>\n<h4><span style=\"text-decoration: underline;\">Dal\u0161\u00ed informace<\/span>: Katka Pikousov\u00e1, 602 633 410<\/h4>\n<h3><span style=\"color: #ff0000;\"><strong>P\u0159i nep\u0159\u00edzniv\u00e9m po\u010das\u00ed se akce ru\u0161\u00ed.<\/strong><\/span><\/h3>\n","protected":false},"excerpt":{"rendered":"<p>Zveme v\u0161echny d\u011bti i dosp\u011bl\u00e9 na DRAKI\u00c1DU v ned\u011bli 4.listopadu 2012 od 15.00 hodin na louce pod lesem \u2013 za M\u0160 T\u00fdnec nad S\u00e1zavou sm\u011brem k lesu PROGRAM: 15.00 \u2013 15.15: p\u0159ihla\u0161ov\u00e1n\u00ed z\u00e1vodn\u00edk\u016f u ohni\u0161t\u011b 15.30: start z\u00e1vodu o \u201eDraka, kter\u00fd l\u00e9t\u00e1 nejd\u00e9le\u201c 16.30: vyhl\u00e1\u0161en\u00ed v\u00fdsledk\u016f z\u00e1vod\u016f a ud\u00edlen\u00ed cen V pr\u016fb\u011bhu odpoledne je k [&hellip;]<\/p>\n","protected":false},"author":15,"featured_media":0,"comment_status":"open","ping_status":"open","sticky":false,"template":"","format":"standard","meta":{"ngg_post_thumbnail":0},"categories":[3],"tags":[91],"post_mailing_queue_ids":[],"_links":{"self":[{"href":"http:\/\/www.mcmotylek.cz\/index.php?rest_route=\/wp\/v2\/posts\/2733"}],"collection":[{"href":"http:\/\/www.mcmotylek.cz\/index.php?rest_route=\/wp\/v2\/posts"}],"about":[{"href":"http:\/\/www.mcmotylek.cz\/index.php?rest_route=\/wp\/v2\/types\/post"}],"author":[{"embeddable":true,"href":"http:\/\/www.mcmotylek.cz\/index.php?rest_route=\/wp\/v2\/users\/15"}],"replies":[{"embeddable":true,"href":"http:\/\/www.mcmotylek.cz\/index.php?rest_route=%2Fwp%2Fv2%2Fcomments&post=2733"}],"version-history":[{"count":4,"href":"http:\/\/www.mcmotylek.cz\/index.php?rest_route=\/wp\/v2\/posts\/2733\/revisions"}],"predecessor-version":[{"id":2737,"href":"http:\/\/www.mcmotylek.cz\/index.php?rest_route=\/wp\/v2\/posts\/2733\/revisions\/2737"}],"wp:attachment":[{"href":"http:\/\/www.mcmotylek.cz\/index.php?rest_route=%2Fwp%2Fv2%2Fmedia&parent=2733"}],"wp:term":[{"taxonomy":"category","embeddable":true,"href":"http:\/\/www.mcmotylek.cz\/index.php?rest_route=%2Fwp%2Fv2%2Fcategories&post=2733"},{"taxonomy":"post_tag","embeddable":true,"href":"http:\/\/www.mcmotylek.cz\/index.php?rest_route=%2Fwp%2Fv2%2Ftags&post=2733"}],"curies":[{"name":"wp","href":"https:\/\/api.w.org\/{rel}","templated":true}]}}