{"id":2809,"date":"2013-01-13T22:21:11","date_gmt":"2013-01-13T21:21:11","guid":{"rendered":"http:\/\/www.mcmotylek.cz\/?p=2809"},"modified":"2013-01-13T22:38:06","modified_gmt":"2013-01-13T21:38:06","slug":"hudebni-skola-yamaha-novy-kurz-od-13-2","status":"publish","type":"post","link":"http:\/\/www.mcmotylek.cz\/?p=2809","title":{"rendered":"Hudebn\u00ed \u0161kola YAMAHA &#8211; nov\u00fd kurz od 13.2."},"content":{"rendered":"<p>Mil\u00ed z\u00e1jemci o kurzy hudebn\u00ed \u0161koly Yamaha,<\/p>\n<h3><span style=\"color: #ff0000;\">od 13.2. za\u010d\u00edn\u00e1me<\/span> nov\u00fd kurz na\u0161\u00ed \u0161koli\u010dky &#8211;\u00a0<span style=\"color: #ff0000;\">Prvn\u00ed kr\u016f\u010dky k hudb\u011b<\/span> (pro d\u011bti ve v\u011bku 18 m\u011bs\u00edc\u016f a\u017e 4 roky) a to <span style=\"color: #ff0000;\">op\u011bt se Zuzkou Nyklovou!<\/span><\/h3>\n<p>Kurz bude prob\u00edhat <span style=\"text-decoration: underline;\"><strong>ve st\u0159edu dopoledne od 10<\/strong><strong>:00 hod. do 10:45 hod.<\/strong><\/span><\/p>\n<p><strong>Kurz bude tentokr\u00e1t krat\u0161\u00ed o 2 lekce<\/strong> (do kurzu zas\u00e1hnou 2 st\u00e1tn\u00ed sv\u00e1tky v kv\u011btnu), tzn. \u017ee celkem bude <strong><span style=\"color: #ff0000;\">14 lekc\u00ed<\/span>.\u00a0<\/strong>Je zde ponech\u00e1na rezerva pro p\u0159\u00edpadn\u00e9 n\u00e1hrady, nicm\u00e9n\u011b je mo\u017en\u00e9 i prodlou\u017een\u00ed o 1 a\u017e 2 t\u00fddny, z\u00e1le\u017e\u00ed na dohod\u011b \u00fa\u010dastn\u00edk\u016f.<\/p>\n<p><span style=\"text-decoration: underline; color: #ff0000;\">Cena kurzu:<\/span><strong>\u00a0<\/strong><strong>1270K\u010d<\/strong> <strong>pro \u010dleny MC<\/strong><\/p>\n<p><strong>\u00a0\u00a0\u00a0\u00a0\u00a0\u00a0\u00a0\u00a0\u00a0\u00a0\u00a0\u00a0\u00a0\u00a0\u00a0\u00a0\u00a0\u00a0\u00a0\u00a0\u00a0 1360 K\u010d pro ostatn\u00ed<\/strong><\/p>\n<h3><span style=\"text-decoration: underline;\">P\u0159ihl\u00e1\u0161ky do kurzu v\u010detn\u011b p\u0159\u00edpadn\u00e9 rezervace uk\u00e1zkov\u00e9 hodiny zas\u00edlejte na:<\/span><\/h3>\n<h3>Lucie Vi\u0161vardov\u00e1, info@mcmotylek.cz, tel. 603 400 476<\/h3>\n<h3><\/h3>\n<p>&nbsp;<\/p>\n<h3><strong><br \/>\n<\/strong><\/h3>\n","protected":false},"excerpt":{"rendered":"<p>Mil\u00ed z\u00e1jemci o kurzy hudebn\u00ed \u0161koly Yamaha, od 13.2. za\u010d\u00edn\u00e1me nov\u00fd kurz na\u0161\u00ed \u0161koli\u010dky &#8211;\u00a0Prvn\u00ed kr\u016f\u010dky k hudb\u011b (pro d\u011bti ve v\u011bku 18 m\u011bs\u00edc\u016f a\u017e 4 roky) a to op\u011bt se Zuzkou Nyklovou! Kurz bude prob\u00edhat ve st\u0159edu dopoledne od 10:00 hod. do 10:45 hod. Kurz bude tentokr\u00e1t krat\u0161\u00ed o 2 lekce (do kurzu zas\u00e1hnou [&hellip;]<\/p>\n","protected":false},"author":15,"featured_media":0,"comment_status":"open","ping_status":"open","sticky":false,"template":"","format":"standard","meta":{"ngg_post_thumbnail":0},"categories":[35,36],"tags":[69],"post_mailing_queue_ids":[],"_links":{"self":[{"href":"http:\/\/www.mcmotylek.cz\/index.php?rest_route=\/wp\/v2\/posts\/2809"}],"collection":[{"href":"http:\/\/www.mcmotylek.cz\/index.php?rest_route=\/wp\/v2\/posts"}],"about":[{"href":"http:\/\/www.mcmotylek.cz\/index.php?rest_route=\/wp\/v2\/types\/post"}],"author":[{"embeddable":true,"href":"http:\/\/www.mcmotylek.cz\/index.php?rest_route=\/wp\/v2\/users\/15"}],"replies":[{"embeddable":true,"href":"http:\/\/www.mcmotylek.cz\/index.php?rest_route=%2Fwp%2Fv2%2Fcomments&post=2809"}],"version-history":[{"count":3,"href":"http:\/\/www.mcmotylek.cz\/index.php?rest_route=\/wp\/v2\/posts\/2809\/revisions"}],"predecessor-version":[{"id":2816,"href":"http:\/\/www.mcmotylek.cz\/index.php?rest_route=\/wp\/v2\/posts\/2809\/revisions\/2816"}],"wp:attachment":[{"href":"http:\/\/www.mcmotylek.cz\/index.php?rest_route=%2Fwp%2Fv2%2Fmedia&parent=2809"}],"wp:term":[{"taxonomy":"category","embeddable":true,"href":"http:\/\/www.mcmotylek.cz\/index.php?rest_route=%2Fwp%2Fv2%2Fcategories&post=2809"},{"taxonomy":"post_tag","embeddable":true,"href":"http:\/\/www.mcmotylek.cz\/index.php?rest_route=%2Fwp%2Fv2%2Ftags&post=2809"}],"curies":[{"name":"wp","href":"https:\/\/api.w.org\/{rel}","templated":true}]}}