{"id":2909,"date":"2013-03-26T15:02:43","date_gmt":"2013-03-26T14:02:43","guid":{"rendered":"http:\/\/www.mcmotylek.cz\/?p=2909"},"modified":"2013-04-19T21:25:20","modified_gmt":"2013-04-19T20:25:20","slug":"velikonocni-hrackovani-2-4-od-930-do-1100-hod","status":"publish","type":"post","link":"http:\/\/www.mcmotylek.cz\/?p=2909","title":{"rendered":"Velikono\u010dn\u00ed hra\u010dkov\u00e1n\u00ed &#8211; 2.4. od 9:30 do 11:00 hod."},"content":{"rendered":"<h3>Zveme v\u0161echny d\u011bti a rodi\u010de na<\/h3>\n<h1><span style=\"color: #00cc33;\"><strong>VELIKONO\u010cN\u00cd HRA\u010cKOV\u00c1N\u00cd<\/strong><\/span><\/h1>\n<h3><span style=\"color: #ff6600;\">2.4. 2013 do 9:30 do 11:00<\/span> <span style=\"color: #ff6600;\">hod.<\/span><\/h3>\n<h3>A co budeme d\u011blat?<\/h3>\n<h2><span style=\"color: #00cc33;\">S d\u011btmi budeme hledat vaj\u00ed\u010dka, barvit zv\u00ed\u0159\u00e1tka, nau\u010d\u00edme se p\u00e1r velikono\u010dn\u00edch \u0159\u00edkanek, p\u00edsni\u010dek a \u010dekaj\u00ed n\u00e1s i velikono\u010dn\u00ed tane\u010dky&#8230;<\/span><\/h2>\n<h3><span style=\"color: #ff6600;\">Pro nejlep\u0161\u00ed hleda\u010de m\u00e1me p\u0159ipraven\u00e9 odm\u011bny!<\/span><\/h3>\n<h3><span style=\"text-decoration: underline;\">Pokud bude hezk\u00e9 po\u010das\u00ed, r\u00e1di bychom akci uskute\u010dnili venku, proto d\u011bti dob\u0159e oble\u010dte!<\/span><\/h3>\n<h3><em><strong>Kontakt: <\/strong><\/em>Katka Pikousov\u00e1, tel. 602 633 410, info@mcmotylek.cz<\/h3>\n","protected":false},"excerpt":{"rendered":"<p>Zveme v\u0161echny d\u011bti a rodi\u010de na VELIKONO\u010cN\u00cd HRA\u010cKOV\u00c1N\u00cd 2.4. 2013 do 9:30 do 11:00 hod. A co budeme d\u011blat? S d\u011btmi budeme hledat vaj\u00ed\u010dka, barvit zv\u00ed\u0159\u00e1tka, nau\u010d\u00edme se p\u00e1r velikono\u010dn\u00edch \u0159\u00edkanek, p\u00edsni\u010dek a \u010dekaj\u00ed n\u00e1s i velikono\u010dn\u00ed tane\u010dky&#8230; Pro nejlep\u0161\u00ed hleda\u010de m\u00e1me p\u0159ipraven\u00e9 odm\u011bny! Pokud bude hezk\u00e9 po\u010das\u00ed, r\u00e1di bychom akci uskute\u010dnili venku, proto d\u011bti [&hellip;]<\/p>\n","protected":false},"author":15,"featured_media":0,"comment_status":"open","ping_status":"open","sticky":false,"template":"","format":"standard","meta":{"ngg_post_thumbnail":0},"categories":[3],"tags":[91],"post_mailing_queue_ids":[],"_links":{"self":[{"href":"http:\/\/www.mcmotylek.cz\/index.php?rest_route=\/wp\/v2\/posts\/2909"}],"collection":[{"href":"http:\/\/www.mcmotylek.cz\/index.php?rest_route=\/wp\/v2\/posts"}],"about":[{"href":"http:\/\/www.mcmotylek.cz\/index.php?rest_route=\/wp\/v2\/types\/post"}],"author":[{"embeddable":true,"href":"http:\/\/www.mcmotylek.cz\/index.php?rest_route=\/wp\/v2\/users\/15"}],"replies":[{"embeddable":true,"href":"http:\/\/www.mcmotylek.cz\/index.php?rest_route=%2Fwp%2Fv2%2Fcomments&post=2909"}],"version-history":[{"count":3,"href":"http:\/\/www.mcmotylek.cz\/index.php?rest_route=\/wp\/v2\/posts\/2909\/revisions"}],"predecessor-version":[{"id":2944,"href":"http:\/\/www.mcmotylek.cz\/index.php?rest_route=\/wp\/v2\/posts\/2909\/revisions\/2944"}],"wp:attachment":[{"href":"http:\/\/www.mcmotylek.cz\/index.php?rest_route=%2Fwp%2Fv2%2Fmedia&parent=2909"}],"wp:term":[{"taxonomy":"category","embeddable":true,"href":"http:\/\/www.mcmotylek.cz\/index.php?rest_route=%2Fwp%2Fv2%2Fcategories&post=2909"},{"taxonomy":"post_tag","embeddable":true,"href":"http:\/\/www.mcmotylek.cz\/index.php?rest_route=%2Fwp%2Fv2%2Ftags&post=2909"}],"curies":[{"name":"wp","href":"https:\/\/api.w.org\/{rel}","templated":true}]}}