{"id":2916,"date":"2013-04-05T09:33:14","date_gmt":"2013-04-05T08:33:14","guid":{"rendered":"http:\/\/www.mcmotylek.cz\/?p=2916"},"modified":"2013-04-19T21:25:59","modified_gmt":"2013-04-19T20:25:59","slug":"2916","status":"publish","type":"post","link":"http:\/\/www.mcmotylek.cz\/?p=2916","title":{"rendered":"\u010cist\u00e1 \u0159eka S\u00e1zava 2013 &#8211; 11.4. od 9:30 hod."},"content":{"rendered":"<h3>Mate\u0159sk\u00e9 centrum Mot\u00fdlek se<br \/>\np\u0159ipojuje k akci<\/h3>\n<h1><strong><span style=\"color: #0000ff;\">\u010cIST\u00c1 \u0158EKA S\u00c1ZAVA<\/span><\/strong><\/h1>\n<h1><strong><span style=\"color: #0000ff;\">11.4.2013 od 9:30 hod.<\/span><\/strong><\/h1>\n<h3>(sraz je u MC Mot\u00fdlek)<\/h3>\n<h2><strong><span style=\"color: #ff6600;\">Poj\u010fme spole\u010dn\u011b \u010distit \u0159eku s kamar\u00e1dy Patem a Matem!<\/span><\/strong><\/h2>\n<h3><strong><span style=\"color: #0000ff;\">Zveme v\u0161echny p\u0159\u00e1tele a p\u0159\u00edznivce \u0159eky S\u00e1zavy, d\u011bti i dosp\u011bl\u00e9, na spole\u010dn\u00e9 \u010di\u0161t\u011bn\u00ed b\u0159eh\u016f \u0159eky S\u00e1zavy v T\u00fdnci n\/S v N\u00e1kl\u00ed.<\/span><\/strong><\/h3>\n<h3><strong><span style=\"text-decoration: underline;\">Na sebe si vezm\u011bte oble\u010den\u00ed, kter\u00e9 si m\u016f\u017eete umazat. Rukavice a pytle budou na m\u00edst\u011b k dispozici!<\/span><\/strong><\/h3>\n<h3><strong><span style=\"color: #ff6600;\">P\u0159ij\u010fte pomoci p\u0159\u00edrod\u011b v na\u0161em m\u011bst\u011b!<\/span><\/strong><\/h3>\n<p><strong><span style=\"text-decoration: underline;\">Kontakt:<\/span> Lucka Vi\u0161vardov\u00e1, info@mcmotylek.cz, tel. 603 400 476<\/strong><\/p>\n<p>&nbsp;<\/p>\n","protected":false},"excerpt":{"rendered":"<p>Mate\u0159sk\u00e9 centrum Mot\u00fdlek se p\u0159ipojuje k akci \u010cIST\u00c1 \u0158EKA S\u00c1ZAVA 11.4.2013 od 9:30 hod. (sraz je u MC Mot\u00fdlek) Poj\u010fme spole\u010dn\u011b \u010distit \u0159eku s kamar\u00e1dy Patem a Matem! Zveme v\u0161echny p\u0159\u00e1tele a p\u0159\u00edznivce \u0159eky S\u00e1zavy, d\u011bti i dosp\u011bl\u00e9, na spole\u010dn\u00e9 \u010di\u0161t\u011bn\u00ed b\u0159eh\u016f \u0159eky S\u00e1zavy v T\u00fdnci n\/S v N\u00e1kl\u00ed. Na sebe si vezm\u011bte oble\u010den\u00ed, kter\u00e9 [&hellip;]<\/p>\n","protected":false},"author":15,"featured_media":0,"comment_status":"open","ping_status":"open","sticky":false,"template":"","format":"standard","meta":{"ngg_post_thumbnail":0},"categories":[3],"tags":[91],"post_mailing_queue_ids":[],"_links":{"self":[{"href":"http:\/\/www.mcmotylek.cz\/index.php?rest_route=\/wp\/v2\/posts\/2916"}],"collection":[{"href":"http:\/\/www.mcmotylek.cz\/index.php?rest_route=\/wp\/v2\/posts"}],"about":[{"href":"http:\/\/www.mcmotylek.cz\/index.php?rest_route=\/wp\/v2\/types\/post"}],"author":[{"embeddable":true,"href":"http:\/\/www.mcmotylek.cz\/index.php?rest_route=\/wp\/v2\/users\/15"}],"replies":[{"embeddable":true,"href":"http:\/\/www.mcmotylek.cz\/index.php?rest_route=%2Fwp%2Fv2%2Fcomments&post=2916"}],"version-history":[{"count":9,"href":"http:\/\/www.mcmotylek.cz\/index.php?rest_route=\/wp\/v2\/posts\/2916\/revisions"}],"predecessor-version":[{"id":2946,"href":"http:\/\/www.mcmotylek.cz\/index.php?rest_route=\/wp\/v2\/posts\/2916\/revisions\/2946"}],"wp:attachment":[{"href":"http:\/\/www.mcmotylek.cz\/index.php?rest_route=%2Fwp%2Fv2%2Fmedia&parent=2916"}],"wp:term":[{"taxonomy":"category","embeddable":true,"href":"http:\/\/www.mcmotylek.cz\/index.php?rest_route=%2Fwp%2Fv2%2Fcategories&post=2916"},{"taxonomy":"post_tag","embeddable":true,"href":"http:\/\/www.mcmotylek.cz\/index.php?rest_route=%2Fwp%2Fv2%2Ftags&post=2916"}],"curies":[{"name":"wp","href":"https:\/\/api.w.org\/{rel}","templated":true}]}}