{"id":2961,"date":"2013-05-06T23:24:28","date_gmt":"2013-05-06T22:24:28","guid":{"rendered":"http:\/\/www.mcmotylek.cz\/?p=2961"},"modified":"2013-05-06T23:32:11","modified_gmt":"2013-05-06T22:32:11","slug":"v-mc-oslavujeme-den-matek-a-den-rodiny","status":"publish","type":"post","link":"http:\/\/www.mcmotylek.cz\/?p=2961","title":{"rendered":"V MC oslavujeme Den matek a Den rodiny"},"content":{"rendered":"<h3>P\u0159ij\u010fte s\u00a0n\u00e1mi oslavit v\u00fdznamn\u00e9 dny v\u00a0kalend\u00e1\u0159i a to<\/h3>\n<h1><span style=\"color: #ff6600;\">Den matek (12.5.) a Den rodiny (15.5.)<\/span><\/h1>\n<h2><span style=\"color: #99cc00;\">V\u00a0t\u00fddnu <strong><span style=\"text-decoration: underline;\">od 13.5. do 17. 5.<\/span><\/strong> V\u00e1s v MC \u010dekaj\u00ed <strong><span style=\"text-decoration: underline;\">t\u00e9matick\u00e9 herny<\/span><\/strong>, kter\u00e9 bychom r\u00e1di v\u011bnovali v\u0161em mamink\u00e1m, tat\u00ednk\u016fm, babi\u010dk\u00e1m, d\u011bde\u010dk\u016fm,\u2026prost\u011b cel\u00e9 rodin\u011b.<\/span><\/h2>\n<h3><span style=\"color: #ff6600;\">Budeme vyr\u00e1b\u011bt d\u00e1rky pro maminky, nau\u010d\u00edme se nov\u00e9 b\u00e1sni\u010dky, zatan\u010d\u00edme si s\u00a0va\u0161imi nejbli\u017e\u0161\u00edmi, prost\u011b budeme oslavovat!<\/span><\/h3>\n<h3><span style=\"text-decoration: underline;\"><strong>Pozv\u011bte va\u0161e nejbli\u017e\u0161\u00ed a za\u017eijte spole\u010dn\u011b nov\u00e9 z\u00e1\u017eitky!<\/strong><\/span><\/h3>\n<h3><span style=\"text-decoration: underline;\">Info:<\/span> Lucka Vi\u0161vardov\u00e1, info@mcmotylek.cz<\/h3>\n","protected":false},"excerpt":{"rendered":"<p>P\u0159ij\u010fte s\u00a0n\u00e1mi oslavit v\u00fdznamn\u00e9 dny v\u00a0kalend\u00e1\u0159i a to Den matek (12.5.) a Den rodiny (15.5.) V\u00a0t\u00fddnu od 13.5. do 17. 5. V\u00e1s v MC \u010dekaj\u00ed t\u00e9matick\u00e9 herny, kter\u00e9 bychom r\u00e1di v\u011bnovali v\u0161em mamink\u00e1m, tat\u00ednk\u016fm, babi\u010dk\u00e1m, d\u011bde\u010dk\u016fm,\u2026prost\u011b cel\u00e9 rodin\u011b. Budeme vyr\u00e1b\u011bt d\u00e1rky pro maminky, nau\u010d\u00edme se nov\u00e9 b\u00e1sni\u010dky, zatan\u010d\u00edme si s\u00a0va\u0161imi nejbli\u017e\u0161\u00edmi, prost\u011b budeme oslavovat! Pozv\u011bte [&hellip;]<\/p>\n","protected":false},"author":15,"featured_media":0,"comment_status":"open","ping_status":"open","sticky":false,"template":"","format":"standard","meta":{"ngg_post_thumbnail":0},"categories":[3],"tags":[91],"post_mailing_queue_ids":[],"_links":{"self":[{"href":"http:\/\/www.mcmotylek.cz\/index.php?rest_route=\/wp\/v2\/posts\/2961"}],"collection":[{"href":"http:\/\/www.mcmotylek.cz\/index.php?rest_route=\/wp\/v2\/posts"}],"about":[{"href":"http:\/\/www.mcmotylek.cz\/index.php?rest_route=\/wp\/v2\/types\/post"}],"author":[{"embeddable":true,"href":"http:\/\/www.mcmotylek.cz\/index.php?rest_route=\/wp\/v2\/users\/15"}],"replies":[{"embeddable":true,"href":"http:\/\/www.mcmotylek.cz\/index.php?rest_route=%2Fwp%2Fv2%2Fcomments&post=2961"}],"version-history":[{"count":3,"href":"http:\/\/www.mcmotylek.cz\/index.php?rest_route=\/wp\/v2\/posts\/2961\/revisions"}],"predecessor-version":[{"id":2966,"href":"http:\/\/www.mcmotylek.cz\/index.php?rest_route=\/wp\/v2\/posts\/2961\/revisions\/2966"}],"wp:attachment":[{"href":"http:\/\/www.mcmotylek.cz\/index.php?rest_route=%2Fwp%2Fv2%2Fmedia&parent=2961"}],"wp:term":[{"taxonomy":"category","embeddable":true,"href":"http:\/\/www.mcmotylek.cz\/index.php?rest_route=%2Fwp%2Fv2%2Fcategories&post=2961"},{"taxonomy":"post_tag","embeddable":true,"href":"http:\/\/www.mcmotylek.cz\/index.php?rest_route=%2Fwp%2Fv2%2Ftags&post=2961"}],"curies":[{"name":"wp","href":"https:\/\/api.w.org\/{rel}","templated":true}]}}