{"id":2968,"date":"2013-05-14T21:08:39","date_gmt":"2013-05-14T20:08:39","guid":{"rendered":"http:\/\/www.mcmotylek.cz\/?p=2968"},"modified":"2013-05-18T22:01:19","modified_gmt":"2013-05-18T21:01:19","slug":"vylet-vlakem-do-kina-v-cercanech-23-5-od-1000-hod","status":"publish","type":"post","link":"http:\/\/www.mcmotylek.cz\/?p=2968","title":{"rendered":"V\u00fdlet vlakem do kina v \u010cer\u010danech &#8211; 23.5. od 10:00 hod."},"content":{"rendered":"<h2>Vydejte se s n\u00e1mi na <span style=\"text-decoration: underline; color: #0000ff;\">d\u011btsk\u00e9 p\u0159edstaven\u00ed do kina v \u010cer\u010danech<\/span><\/h2>\n<h3><\/h3>\n<h1><span style=\"color: #0000ff;\">ZA KAMAR\u00c1DY Z TV<\/span><\/h1>\n<h2><span style=\"color: #0000ff;\"><strong>23.5. od 10:00 hod.<\/strong> (cena p\u0159edstaven\u00ed je 30,-)<\/span><\/h2>\n<h3><\/h3>\n<h3><span style=\"text-decoration: underline;\"><strong>Pro v\u011bt\u0161\u00ed dobrodru\u017estv\u00ed <span style=\"color: #0000ff; text-decoration: underline;\">pojedeme do kina vl\u00e1\u010dkem<\/span><\/strong><\/span>, v\u011b\u0159\u00edme, \u017ee to ocen\u00ed zejm\u00e9na d\u011bti:-)<\/h3>\n<h3>V p\u0159\u00edpad\u011b hezk\u00e9ho po\u010das\u00ed m\u016f\u017eeme s d\u011btmi <span style=\"text-decoration: underline;\"><strong><span style=\"color: #0000ff; text-decoration: underline;\">po skon\u010den\u00ed p\u0159edstaven\u00ed nav\u0161t\u00edvit je\u0161t\u011b d\u011btsk\u00e9 h\u0159\u00ed\u0161t\u011b<\/span>,<\/strong><\/span> kter\u00e9 je hned vedle kina. H\u0159i\u0161t\u011b je moc hezk\u00e9, spousta houpa\u010dek a prol\u00e9za\u010dek, klouza\u010dek,&#8230;ur\u010dit\u011b se nudit nebudeme!<\/h3>\n<h3><span style=\"color: #0000ff;\"><strong><span style=\"text-decoration: underline;\">Odjez z T\u00fdnce<\/span>:\u00a0 8:51<\/strong> <\/span>(p\u0159\u00edjezd do \u010cer\u010dan 9:09)<\/h3>\n<h3><span style=\"text-decoration: underline;\"><span style=\"color: #0000ff;\"><strong>Odjezd z \u010cer\u010dan<\/strong> <\/span><\/span>(dle d\u00e9lky p\u0159edstaven\u00ed):\u00a0\u00a0 <span style=\"color: #0000ff;\">11:18<\/span> (p\u0159\u00edjezd do T\u00fdnce 11:35), p\u0159\u00edpadn\u011b\u00a0<strong><span style=\"color: #0000ff;\">13:18<\/span> <\/strong>(p\u0159\u00edjezd do T\u00fdnce 13:35)<\/h3>\n<h3><\/h3>\n<h3><span style=\"text-decoration: underline;\">Bli\u017e\u0161\u00ed info<\/span>: Lucka Vi\u0161vardov\u00e1, info@mcmotylek.cz, 603 400 476<\/h3>\n","protected":false},"excerpt":{"rendered":"<p>Vydejte se s n\u00e1mi na d\u011btsk\u00e9 p\u0159edstaven\u00ed do kina v \u010cer\u010danech ZA KAMAR\u00c1DY Z TV 23.5. od 10:00 hod. (cena p\u0159edstaven\u00ed je 30,-) Pro v\u011bt\u0161\u00ed dobrodru\u017estv\u00ed pojedeme do kina vl\u00e1\u010dkem, v\u011b\u0159\u00edme, \u017ee to ocen\u00ed zejm\u00e9na d\u011bti:-) V p\u0159\u00edpad\u011b hezk\u00e9ho po\u010das\u00ed m\u016f\u017eeme s d\u011btmi po skon\u010den\u00ed p\u0159edstaven\u00ed nav\u0161t\u00edvit je\u0161t\u011b d\u011btsk\u00e9 h\u0159\u00ed\u0161t\u011b, kter\u00e9 je hned vedle kina. [&hellip;]<\/p>\n","protected":false},"author":15,"featured_media":0,"comment_status":"open","ping_status":"open","sticky":false,"template":"","format":"standard","meta":{"ngg_post_thumbnail":0},"categories":[3],"tags":[91],"post_mailing_queue_ids":[],"_links":{"self":[{"href":"http:\/\/www.mcmotylek.cz\/index.php?rest_route=\/wp\/v2\/posts\/2968"}],"collection":[{"href":"http:\/\/www.mcmotylek.cz\/index.php?rest_route=\/wp\/v2\/posts"}],"about":[{"href":"http:\/\/www.mcmotylek.cz\/index.php?rest_route=\/wp\/v2\/types\/post"}],"author":[{"embeddable":true,"href":"http:\/\/www.mcmotylek.cz\/index.php?rest_route=\/wp\/v2\/users\/15"}],"replies":[{"embeddable":true,"href":"http:\/\/www.mcmotylek.cz\/index.php?rest_route=%2Fwp%2Fv2%2Fcomments&post=2968"}],"version-history":[{"count":4,"href":"http:\/\/www.mcmotylek.cz\/index.php?rest_route=\/wp\/v2\/posts\/2968\/revisions"}],"predecessor-version":[{"id":2979,"href":"http:\/\/www.mcmotylek.cz\/index.php?rest_route=\/wp\/v2\/posts\/2968\/revisions\/2979"}],"wp:attachment":[{"href":"http:\/\/www.mcmotylek.cz\/index.php?rest_route=%2Fwp%2Fv2%2Fmedia&parent=2968"}],"wp:term":[{"taxonomy":"category","embeddable":true,"href":"http:\/\/www.mcmotylek.cz\/index.php?rest_route=%2Fwp%2Fv2%2Fcategories&post=2968"},{"taxonomy":"post_tag","embeddable":true,"href":"http:\/\/www.mcmotylek.cz\/index.php?rest_route=%2Fwp%2Fv2%2Ftags&post=2968"}],"curies":[{"name":"wp","href":"https:\/\/api.w.org\/{rel}","templated":true}]}}