{"id":2975,"date":"2013-05-18T21:46:56","date_gmt":"2013-05-18T20:46:56","guid":{"rendered":"http:\/\/www.mcmotylek.cz\/?p=2975"},"modified":"2013-05-18T22:01:00","modified_gmt":"2013-05-18T21:01:00","slug":"hrackovani-21-5-pujdeme-spolecne-ven","status":"publish","type":"post","link":"http:\/\/www.mcmotylek.cz\/?p=2975","title":{"rendered":"Hra\u010dkov\u00e1n\u00ed 21.5. &#8211; p\u016fjdeme spole\u010dn\u011b ven"},"content":{"rendered":"<h2><strong><span style=\"color: #ff6600;\">Hra\u010dkov\u00e1n\u00ed 21.5. bude za p\u0159\u00edzniv\u00e9ho po\u010das\u00ed venku. <\/span><\/strong><\/h2>\n<h2><span style=\"color: #99cc00;\">P\u016fjdeme spole\u010dn\u011b na proch\u00e1zku a t\u00e9matem budou <span style=\"text-decoration: underline;\"><strong>TOULKY P\u0158\u00cdRODOU.<\/strong><\/span><\/span><\/h2>\n<h2><span style=\"color: #ff6600;\">Budeme si pov\u00eddat a nau\u010d\u00edme se n\u011bco <strong>o zv\u00ed\u0159\u00e1tk\u00e1ch, kyti\u010dk\u00e1ch a stromech&#8230;<\/strong><\/span><\/h2>\n<h3><span style=\"text-decoration: underline;\">D\u011btem s sebou vezm\u011bte<\/span> ko\u0161\u00ed\u010dek, kybl\u00edk \u010di jinou n\u00e1dobku, d\u00e1le pak malou sva\u010dinku, pit\u00ed a n\u011bco na sezen\u00ed (nap\u0159. deku, karimatku,&#8230;)<\/h3>\n<h3><span style=\"color: #99cc00;\">Sraz v 9:30 p\u0159ed vchodem do DSPS<\/span> (c\u00edlem pak bude louka pod lesem na z\u00e1v\u011bre\u010dn\u00fd piknik:-)<\/h3>\n<h3><span style=\"text-decoration: underline;\">Bli\u017e\u0161\u00ed info:<\/span> Katka Pikousov\u00e1, 602 633 410<\/h3>\n","protected":false},"excerpt":{"rendered":"<p>Hra\u010dkov\u00e1n\u00ed 21.5. bude za p\u0159\u00edzniv\u00e9ho po\u010das\u00ed venku. P\u016fjdeme spole\u010dn\u011b na proch\u00e1zku a t\u00e9matem budou TOULKY P\u0158\u00cdRODOU. Budeme si pov\u00eddat a nau\u010d\u00edme se n\u011bco o zv\u00ed\u0159\u00e1tk\u00e1ch, kyti\u010dk\u00e1ch a stromech&#8230; D\u011btem s sebou vezm\u011bte ko\u0161\u00ed\u010dek, kybl\u00edk \u010di jinou n\u00e1dobku, d\u00e1le pak malou sva\u010dinku, pit\u00ed a n\u011bco na sezen\u00ed (nap\u0159. deku, karimatku,&#8230;) Sraz v 9:30 p\u0159ed vchodem do [&hellip;]<\/p>\n","protected":false},"author":15,"featured_media":0,"comment_status":"open","ping_status":"open","sticky":false,"template":"","format":"standard","meta":{"ngg_post_thumbnail":0},"categories":[3],"tags":[91],"post_mailing_queue_ids":[],"_links":{"self":[{"href":"http:\/\/www.mcmotylek.cz\/index.php?rest_route=\/wp\/v2\/posts\/2975"}],"collection":[{"href":"http:\/\/www.mcmotylek.cz\/index.php?rest_route=\/wp\/v2\/posts"}],"about":[{"href":"http:\/\/www.mcmotylek.cz\/index.php?rest_route=\/wp\/v2\/types\/post"}],"author":[{"embeddable":true,"href":"http:\/\/www.mcmotylek.cz\/index.php?rest_route=\/wp\/v2\/users\/15"}],"replies":[{"embeddable":true,"href":"http:\/\/www.mcmotylek.cz\/index.php?rest_route=%2Fwp%2Fv2%2Fcomments&post=2975"}],"version-history":[{"count":3,"href":"http:\/\/www.mcmotylek.cz\/index.php?rest_route=\/wp\/v2\/posts\/2975\/revisions"}],"predecessor-version":[{"id":2978,"href":"http:\/\/www.mcmotylek.cz\/index.php?rest_route=\/wp\/v2\/posts\/2975\/revisions\/2978"}],"wp:attachment":[{"href":"http:\/\/www.mcmotylek.cz\/index.php?rest_route=%2Fwp%2Fv2%2Fmedia&parent=2975"}],"wp:term":[{"taxonomy":"category","embeddable":true,"href":"http:\/\/www.mcmotylek.cz\/index.php?rest_route=%2Fwp%2Fv2%2Fcategories&post=2975"},{"taxonomy":"post_tag","embeddable":true,"href":"http:\/\/www.mcmotylek.cz\/index.php?rest_route=%2Fwp%2Fv2%2Ftags&post=2975"}],"curies":[{"name":"wp","href":"https:\/\/api.w.org\/{rel}","templated":true}]}}