{"id":3007,"date":"2013-05-29T21:55:32","date_gmt":"2013-05-29T20:55:32","guid":{"rendered":"http:\/\/www.mcmotylek.cz\/?p=3007"},"modified":"2013-05-29T22:04:35","modified_gmt":"2013-05-29T21:04:35","slug":"detska-miniolympiada-4-6-od-930-do-1130-hod","status":"publish","type":"post","link":"http:\/\/www.mcmotylek.cz\/?p=3007","title":{"rendered":"D\u011btsk\u00e1 miniolympi\u00e1da &#8211; 4.6. od 9:30 do 11:30 hod."},"content":{"rendered":"<h3><strong>P\u0159ij\u010fte s n\u00e1mi do MC oslavit <span style=\"color: #ff6600;\">Den d\u011bt\u00ed.<\/span> Kon\u00e1 se<\/strong><\/h3>\n<h1><strong><span style=\"color: #ff6600;\">D\u011aTSK\u00c1 MINIOLYMPI\u00c1DA<\/span><\/strong><\/h1>\n<h2><strong><span style=\"color: #ff6600;\">4.6. od 9:30 do 11:30 hod.<\/span><\/strong><\/h2>\n<h2><strong>Budeme si hr\u00e1t, ale <span style=\"text-decoration: underline;\">hlavn\u011b sout\u011b\u017eit a to v nejr\u016fzn\u011bj\u0161\u00edch discipl\u00edn\u00e1ch!<\/span><\/strong><\/h2>\n<h2><strong><span style=\"color: #ff6600;\">Vyzkou\u0161\u00edme, co v\u0161echno svedeme ve vzduchu, ve vod\u011b i na sou\u0161i:-)<\/span><\/strong><\/h2>\n<h3>S sebou si p\u0159ineste hlavn\u011b dobrou n\u00e1ladu a <span style=\"text-decoration: underline;\">d\u011btem rad\u011bji n\u011bco na p\u0159evle\u010den\u00ed<\/span>, p\u0159eci jen budou i vodn\u00ed discipl\u00edny:-)<\/h3>\n<h3><span style=\"color: #ff6600;\">Z\u00e1pis z\u00e1vodn\u00edk\u016f na startu<\/span> se kon\u00e1 od <span style=\"color: #ff6600;\">9.30 do 9.45<\/span>, <strong>tak nezme\u0161kejte!<\/strong><\/h3>\n<h3><span style=\"text-decoration: underline;\">Bli\u017e\u0161\u00ed info<\/span>: Katka Pikousov\u00e1, tel. 602 633 410, info@mcmotylek.cz<\/h3>\n<p>&nbsp;<\/p>\n<p>&nbsp;<\/p>\n","protected":false},"excerpt":{"rendered":"<p>P\u0159ij\u010fte s n\u00e1mi do MC oslavit Den d\u011bt\u00ed. Kon\u00e1 se D\u011aTSK\u00c1 MINIOLYMPI\u00c1DA 4.6. od 9:30 do 11:30 hod. Budeme si hr\u00e1t, ale hlavn\u011b sout\u011b\u017eit a to v nejr\u016fzn\u011bj\u0161\u00edch discipl\u00edn\u00e1ch! Vyzkou\u0161\u00edme, co v\u0161echno svedeme ve vzduchu, ve vod\u011b i na sou\u0161i:-) S sebou si p\u0159ineste hlavn\u011b dobrou n\u00e1ladu a d\u011btem rad\u011bji n\u011bco na p\u0159evle\u010den\u00ed, p\u0159eci jen [&hellip;]<\/p>\n","protected":false},"author":15,"featured_media":0,"comment_status":"open","ping_status":"open","sticky":false,"template":"","format":"standard","meta":{"ngg_post_thumbnail":0},"categories":[3],"tags":[91],"post_mailing_queue_ids":[],"_links":{"self":[{"href":"http:\/\/www.mcmotylek.cz\/index.php?rest_route=\/wp\/v2\/posts\/3007"}],"collection":[{"href":"http:\/\/www.mcmotylek.cz\/index.php?rest_route=\/wp\/v2\/posts"}],"about":[{"href":"http:\/\/www.mcmotylek.cz\/index.php?rest_route=\/wp\/v2\/types\/post"}],"author":[{"embeddable":true,"href":"http:\/\/www.mcmotylek.cz\/index.php?rest_route=\/wp\/v2\/users\/15"}],"replies":[{"embeddable":true,"href":"http:\/\/www.mcmotylek.cz\/index.php?rest_route=%2Fwp%2Fv2%2Fcomments&post=3007"}],"version-history":[{"count":4,"href":"http:\/\/www.mcmotylek.cz\/index.php?rest_route=\/wp\/v2\/posts\/3007\/revisions"}],"predecessor-version":[{"id":3011,"href":"http:\/\/www.mcmotylek.cz\/index.php?rest_route=\/wp\/v2\/posts\/3007\/revisions\/3011"}],"wp:attachment":[{"href":"http:\/\/www.mcmotylek.cz\/index.php?rest_route=%2Fwp%2Fv2%2Fmedia&parent=3007"}],"wp:term":[{"taxonomy":"category","embeddable":true,"href":"http:\/\/www.mcmotylek.cz\/index.php?rest_route=%2Fwp%2Fv2%2Fcategories&post=3007"},{"taxonomy":"post_tag","embeddable":true,"href":"http:\/\/www.mcmotylek.cz\/index.php?rest_route=%2Fwp%2Fv2%2Ftags&post=3007"}],"curies":[{"name":"wp","href":"https:\/\/api.w.org\/{rel}","templated":true}]}}