{"id":3025,"date":"2013-06-17T12:25:01","date_gmt":"2013-06-17T11:25:01","guid":{"rendered":"http:\/\/www.mcmotylek.cz\/?p=3025"},"modified":"2013-09-11T17:18:04","modified_gmt":"2013-09-11T16:18:04","slug":"vylet-benesovskym-ekovlackem-utery-18-6","status":"publish","type":"post","link":"http:\/\/www.mcmotylek.cz\/?p=3025","title":{"rendered":"V\u00fdlet bene\u0161ovsk\u00fdm EKOvl\u00e1\u010dkem &#8211; \u00fater\u00fd 18.6.!"},"content":{"rendered":"<h1><strong>Zveme v\u0161echny rodi\u010de a d\u011bti na <span style=\"color: #ff0000;\">v\u00fdlet bene\u0161ovsk\u00fdm EKOvl\u00e1\u010dkem! \u00daTER\u00dd 18.6.!<\/span> <\/strong><\/h1>\n<h2>P\u0159idejte se k n\u00e1m a za\u017eijte s d\u011btmi nov\u00e9 z\u00e1\u017eitky! <span style=\"text-decoration: underline;\"><strong>Mo\u017eno vyrazit i s ko\u010d\u00e1rky!<\/strong><\/span><\/h2>\n<h2><span style=\"text-decoration: underline;\"><strong><span style=\"color: #ff0000; text-decoration: underline;\"> Do Bene\u0161ova pojedeme vlakem, pak ud\u011bl\u00e1me okruh EKOvl\u00e1\u010dkem a zp\u00e1tky do T\u00fdnce op\u011bt vlakem.<\/span><\/strong><\/span><\/h2>\n<h3><\/h3>\n<h3><span style=\"color: #ff0000;\"><strong>Odjezd v 8:51 hod. z T\u00fdnce,<\/strong><\/span> p\u0159\u00edjezd do Bene\u0161ova v 9:22 hod.<\/h3>\n<h3>Pak n\u00e1s \u010dek\u00e1 p\u0159esun z n\u00e1dra\u017e\u00ed na bene\u0161ovsk\u00e9 Masarykovo n\u00e1m\u011bst\u00ed, kde stihneme ur\u010dit\u011b zmrzlinu i osv\u011b\u017een\u00ed v ka\u0161n\u011b:-)<\/h3>\n<h3><strong><span style=\"color: #ff0000;\">EKOvl\u00e1\u010dkem pojedeme z Masarykova n\u00e1m\u011bst\u00ed v 11:00 hod.<\/span><\/strong>, cel\u00fd okruh (14 zast\u00e1vek) trv\u00e1 cca 1,5 hodiny, tzn. \u017ee na n\u00e1m\u011bst\u00ed budeme ve 12:25 hod.<\/h3>\n<h3>D\u00e1le pak p\u016fjdeme zp\u011bt na vlakov\u00e9 n\u00e1dra\u017e\u00ed v Bene\u0161ov\u011b, <strong><span style=\"color: #ff0000;\">odkud n\u00e1m vlak odj\u00ed\u017ed\u00ed ve 13:02 hod., v T\u00fdnci budeme ve 13:35 hod.<\/span><\/strong><\/h3>\n<h3>Pokud se v\u00e1m to zd\u00e1 n\u00e1ro\u010dn\u00e9, tak v\u011bzte, \u017ee se d\u011bti celou dobu jen povezou, p\u011b\u0161ky n\u00e1s \u010dekaj\u00ed pouze p\u0159esuny z n\u00e1dra\u017e\u00ed na n\u00e1m\u011bst\u00ed a zp\u011bt.<\/h3>\n<h2><strong><span style=\"text-decoration: underline;\"><span style=\"color: #ff0000; text-decoration: underline;\">Co s sebou:<\/span><\/span> j\u00eddlo, pit\u00ed, pokr\u00fdvku hlavy, n\u011bjak\u00fd p\u0159\u00edpravek na opalov\u00e1n\u00ed (m\u00e1 b\u00fdt opravdu horko)<\/strong><\/h2>\n<h3><span style=\"text-decoration: underline;\">Info:<\/span> Lucka Vi\u0161vardov\u00e1, 603 400 476, info@mcmotylek.cz<\/h3>\n<p>&nbsp;<\/p>\n<p>&nbsp;<\/p>\n<p>&nbsp;<\/p>\n<p>&nbsp;<\/p>\n","protected":false},"excerpt":{"rendered":"<p>Zveme v\u0161echny rodi\u010de a d\u011bti na v\u00fdlet bene\u0161ovsk\u00fdm EKOvl\u00e1\u010dkem! \u00daTER\u00dd 18.6.! P\u0159idejte se k n\u00e1m a za\u017eijte s d\u011btmi nov\u00e9 z\u00e1\u017eitky! Mo\u017eno vyrazit i s ko\u010d\u00e1rky! Do Bene\u0161ova pojedeme vlakem, pak ud\u011bl\u00e1me okruh EKOvl\u00e1\u010dkem a zp\u00e1tky do T\u00fdnce op\u011bt vlakem. Odjezd v 8:51 hod. z T\u00fdnce, p\u0159\u00edjezd do Bene\u0161ova v 9:22 hod. Pak n\u00e1s \u010dek\u00e1 [&hellip;]<\/p>\n","protected":false},"author":15,"featured_media":0,"comment_status":"open","ping_status":"open","sticky":false,"template":"","format":"standard","meta":{"ngg_post_thumbnail":0},"categories":[3],"tags":[91],"post_mailing_queue_ids":[],"_links":{"self":[{"href":"http:\/\/www.mcmotylek.cz\/index.php?rest_route=\/wp\/v2\/posts\/3025"}],"collection":[{"href":"http:\/\/www.mcmotylek.cz\/index.php?rest_route=\/wp\/v2\/posts"}],"about":[{"href":"http:\/\/www.mcmotylek.cz\/index.php?rest_route=\/wp\/v2\/types\/post"}],"author":[{"embeddable":true,"href":"http:\/\/www.mcmotylek.cz\/index.php?rest_route=\/wp\/v2\/users\/15"}],"replies":[{"embeddable":true,"href":"http:\/\/www.mcmotylek.cz\/index.php?rest_route=%2Fwp%2Fv2%2Fcomments&post=3025"}],"version-history":[{"count":4,"href":"http:\/\/www.mcmotylek.cz\/index.php?rest_route=\/wp\/v2\/posts\/3025\/revisions"}],"predecessor-version":[{"id":3119,"href":"http:\/\/www.mcmotylek.cz\/index.php?rest_route=\/wp\/v2\/posts\/3025\/revisions\/3119"}],"wp:attachment":[{"href":"http:\/\/www.mcmotylek.cz\/index.php?rest_route=%2Fwp%2Fv2%2Fmedia&parent=3025"}],"wp:term":[{"taxonomy":"category","embeddable":true,"href":"http:\/\/www.mcmotylek.cz\/index.php?rest_route=%2Fwp%2Fv2%2Fcategories&post=3025"},{"taxonomy":"post_tag","embeddable":true,"href":"http:\/\/www.mcmotylek.cz\/index.php?rest_route=%2Fwp%2Fv2%2Ftags&post=3025"}],"curies":[{"name":"wp","href":"https:\/\/api.w.org\/{rel}","templated":true}]}}