{"id":3108,"date":"2013-09-11T16:27:45","date_gmt":"2013-09-11T15:27:45","guid":{"rendered":"http:\/\/www.mcmotylek.cz\/?p=3108"},"modified":"2013-09-11T17:17:45","modified_gmt":"2013-09-11T16:17:45","slug":"dramatacek-novy-krouzek-od-rijna","status":"publish","type":"post","link":"http:\/\/www.mcmotylek.cz\/?p=3108","title":{"rendered":"Drama\u0165\u00e1\u010dek &#8211; nov\u00fd krou\u017eek od \u0159\u00edjna"},"content":{"rendered":"<h3><strong>P\u0159edstavujeme v\u00e1m dal\u0161\u00ed z nov\u00fdch aktivit!<\/strong><\/h3>\n<h1><strong><span style=\"color: #ff6600;\">DRAMA\u0164\u00c1\u010cEK<\/span><\/strong><\/h1>\n<h2><strong> (divadeln\u00ed krou\u017eek pro d\u011bti od cca 4 do 7 let)<\/strong><\/h2>\n<h2><strong><span style=\"color: #99cc00;\">Pond\u011bl\u00ed 16:30-17:30 (od \u0159\u00edjna)<\/span><\/strong><\/h2>\n<h2><strong><span style=\"text-decoration: underline; color: #ff6600;\">Co n\u00e1s v krou\u017eku \u010dek\u00e1?<\/span><\/strong><\/h2>\n<h3><strong>&#8211; budeme se s d\u011btmi u\u010dit hr\u00e1t divadlo \u2013 r\u016fzn\u00e9 poh\u00e1dky a p\u0159\u00edb\u011bhy<\/strong><br \/>\n<strong>&#8211; spole\u010dn\u011b budeme vyr\u00e1b\u011bt masky, kost\u00fdmy a kulisy<\/strong><br \/>\n<strong>&#8211; nau\u010d\u00edme se spoustu nov\u00fdch \u0159\u00edkanek, b\u00e1sni\u010dek a pov\u00eddek<\/strong><\/h3>\n<h2><strong><span style=\"color: #99cc00;\">P\u0159ed V\u00e1noci a na konci \u0161koln\u00edho roku s d\u011btmi p\u0159iprav\u00edme vystoupen\u00ed<\/span><\/strong><br \/>\n<strong><span style=\"color: #99cc00;\">pro rodi\u010de a kamar\u00e1dy!<\/span><\/strong><\/h2>\n<h3><strong><span style=\"color: #000000;\"><span style=\"text-decoration: underline;\">Cena:<\/span> 50 K\u010c\/hodina\/\u010dlen MC<\/span>, <span style=\"color: #000000;\">60 K\u010c\/hodina\/ostatn\u00ed<\/span><\/strong><\/h3>\n<h3><strong><span style=\"text-decoration: underline;\">Krou\u017eek vede<\/span> Mgr. Hana P\u00e1\u0161ov\u00e1<\/strong><br \/>\n<strong><span style=\"text-decoration: underline; color: #ff6600;\">Kontakt a p\u0159ihl\u00e1\u0161ky<\/span>: info@mcmotylek.cz<\/strong><\/h3>\n","protected":false},"excerpt":{"rendered":"<p>P\u0159edstavujeme v\u00e1m dal\u0161\u00ed z nov\u00fdch aktivit! DRAMA\u0164\u00c1\u010cEK (divadeln\u00ed krou\u017eek pro d\u011bti od cca 4 do 7 let) Pond\u011bl\u00ed 16:30-17:30 (od \u0159\u00edjna) Co n\u00e1s v krou\u017eku \u010dek\u00e1? &#8211; budeme se s d\u011btmi u\u010dit hr\u00e1t divadlo \u2013 r\u016fzn\u00e9 poh\u00e1dky a p\u0159\u00edb\u011bhy &#8211; spole\u010dn\u011b budeme vyr\u00e1b\u011bt masky, kost\u00fdmy a kulisy &#8211; nau\u010d\u00edme se spoustu nov\u00fdch \u0159\u00edkanek, b\u00e1sni\u010dek a [&hellip;]<\/p>\n","protected":false},"author":15,"featured_media":0,"comment_status":"open","ping_status":"open","sticky":false,"template":"","format":"standard","meta":{"ngg_post_thumbnail":0},"categories":[36],"tags":[69],"post_mailing_queue_ids":[],"_links":{"self":[{"href":"http:\/\/www.mcmotylek.cz\/index.php?rest_route=\/wp\/v2\/posts\/3108"}],"collection":[{"href":"http:\/\/www.mcmotylek.cz\/index.php?rest_route=\/wp\/v2\/posts"}],"about":[{"href":"http:\/\/www.mcmotylek.cz\/index.php?rest_route=\/wp\/v2\/types\/post"}],"author":[{"embeddable":true,"href":"http:\/\/www.mcmotylek.cz\/index.php?rest_route=\/wp\/v2\/users\/15"}],"replies":[{"embeddable":true,"href":"http:\/\/www.mcmotylek.cz\/index.php?rest_route=%2Fwp%2Fv2%2Fcomments&post=3108"}],"version-history":[{"count":2,"href":"http:\/\/www.mcmotylek.cz\/index.php?rest_route=\/wp\/v2\/posts\/3108\/revisions"}],"predecessor-version":[{"id":3110,"href":"http:\/\/www.mcmotylek.cz\/index.php?rest_route=\/wp\/v2\/posts\/3108\/revisions\/3110"}],"wp:attachment":[{"href":"http:\/\/www.mcmotylek.cz\/index.php?rest_route=%2Fwp%2Fv2%2Fmedia&parent=3108"}],"wp:term":[{"taxonomy":"category","embeddable":true,"href":"http:\/\/www.mcmotylek.cz\/index.php?rest_route=%2Fwp%2Fv2%2Fcategories&post=3108"},{"taxonomy":"post_tag","embeddable":true,"href":"http:\/\/www.mcmotylek.cz\/index.php?rest_route=%2Fwp%2Fv2%2Ftags&post=3108"}],"curies":[{"name":"wp","href":"https:\/\/api.w.org\/{rel}","templated":true}]}}