{"id":3114,"date":"2013-09-11T16:53:53","date_gmt":"2013-09-11T15:53:53","guid":{"rendered":"http:\/\/www.mcmotylek.cz\/?p=3114"},"modified":"2013-09-11T17:16:04","modified_gmt":"2013-09-11T16:16:04","slug":"chytrolinek-novy-logopedicky-krouzek-od-rijna","status":"publish","type":"post","link":"http:\/\/www.mcmotylek.cz\/?p=3114","title":{"rendered":"Chytrol\u00ednek &#8211; nov\u00fd logopedick\u00fd krou\u017eek od \u0159\u00edjna"},"content":{"rendered":"<h3><strong>Od \u0159\u00edjna p\u0159ich\u00e1z\u00edme s dal\u0161\u00edm nov\u00fdm krou\u017ekem pro star\u0161\u00ed d\u011bti!<\/strong><\/h3>\n<h1><span style=\"color: #ff0000;\"><strong>CHYTROL\u00cdNEK<\/strong><\/span><\/h1>\n<h2><span style=\"color: #ff0000;\"><strong>ka\u017ed\u00fd p\u00e1tek 13:30-14:15<\/strong><\/span><\/h2>\n<h3><strong><\/strong><strong>(a n\u00e1sledn\u00e9 individu\u00e1ln\u00ed lekce do 15:00)<\/strong><br \/>\n<strong><\/strong><\/h3>\n<h2><span style=\"text-decoration: underline;\"><span style=\"color: #ff0000;\"><strong>N\u00e1pl\u0148 kurzu:<\/strong><\/span><\/span><\/h2>\n<h3><strong><\/strong><strong>&#8211; rozvoj grafomotoriky<\/strong><br \/>\n<strong>&#8211;<\/strong><strong>cvi\u010den\u00ed jemn\u00e9 motoriky<\/strong><br \/>\n<strong>&#8211;<\/strong><strong>prevence poruch u\u010den\u00ed<\/strong><br \/>\n<strong>&#8211;<\/strong><strong>logopedick\u00e1 diagnostika, pr\u016fprava a prevence<\/strong><br \/>\n<strong>&#8211;<\/strong><strong>posilov\u00e1n\u00ed koncentrace pozornosti<\/strong><br \/>\n<strong>&#8211;<\/strong><strong>rozvoj sluchov\u00e9ho a zrakov\u00e9ho vn\u00edm\u00e1n\u00ed<\/strong><br \/>\n<strong>&#8211;<\/strong><strong>rozvoj my\u0161len\u00ed a \u0159e\u010di<\/strong><br \/>\n<strong>&#8211;<\/strong><strong>p\u0159ed\u010dten\u00e1\u0159sk\u00e9 a p\u0159edpo\u010dt\u00e1\u0159sk\u00e9 dovednosti<\/strong><br \/>\n<strong>&#8211;<\/strong><strong>u p\u0159ed\u0161kol\u00e1k\u016f ke konci kurzu orienta\u010dn\u00ed posouzen\u00ed \u0161koln\u00ed zralosti<\/strong><br \/>\n<strong><\/strong><\/h3>\n<h3><strong><span style=\"color: #ff0000;\">Kurz je ur\u010den v\u0161em d\u011btem od v\u011bku 4 let.<\/span> Maxim\u00e1ln\u00ed po\u010det d\u011bt\u00ed v jedn\u00e9 skupin\u011b je 10.<\/strong><br \/>\n<strong><span style=\"text-decoration: underline;\">Lekce by prob\u00edhaly 1kr\u00e1t t\u00fddn\u011b v obdob\u00ed od \u0159\u00edjna do ledna<\/span>, po\u010det lekc\u00ed bude up\u0159esn\u011bn.<\/strong><br \/>\n<strong><\/strong><\/h3>\n<h3><strong><span style=\"color: #ff0000;\">D\u00e9lka lekce<\/span> \u2013 45 minut, <span style=\"color: #ff0000;\">cena<\/span> 90K\u010d\/lekce \u010dlen MC, 100 K\u010c\/lekce ne\u010dlen MC.<\/strong><br \/>\n<strong><\/strong><\/h3>\n<h3><strong><span style=\"text-decoration: underline;\">Bli\u017e\u0161\u00ed informace<\/span>: Mgr. Petra Novotn\u00e1, tel. 723 837 885<\/strong><br \/>\n<span style=\"color: #ff0000;\"><strong>P\u0159ihl\u00e1\u0161ky pos\u00edlejte na info@mcmotylek.cz<\/strong><\/span><\/h3>\n","protected":false},"excerpt":{"rendered":"<p>Od \u0159\u00edjna p\u0159ich\u00e1z\u00edme s dal\u0161\u00edm nov\u00fdm krou\u017ekem pro star\u0161\u00ed d\u011bti! CHYTROL\u00cdNEK ka\u017ed\u00fd p\u00e1tek 13:30-14:15 (a n\u00e1sledn\u00e9 individu\u00e1ln\u00ed lekce do 15:00) N\u00e1pl\u0148 kurzu: &#8211; rozvoj grafomotoriky &#8211;cvi\u010den\u00ed jemn\u00e9 motoriky &#8211;prevence poruch u\u010den\u00ed &#8211;logopedick\u00e1 diagnostika, pr\u016fprava a prevence &#8211;posilov\u00e1n\u00ed koncentrace pozornosti &#8211;rozvoj sluchov\u00e9ho a zrakov\u00e9ho vn\u00edm\u00e1n\u00ed &#8211;rozvoj my\u0161len\u00ed a \u0159e\u010di &#8211;p\u0159ed\u010dten\u00e1\u0159sk\u00e9 a p\u0159edpo\u010dt\u00e1\u0159sk\u00e9 dovednosti &#8211;u p\u0159ed\u0161kol\u00e1k\u016f ke [&hellip;]<\/p>\n","protected":false},"author":15,"featured_media":0,"comment_status":"open","ping_status":"open","sticky":false,"template":"","format":"standard","meta":{"ngg_post_thumbnail":0},"categories":[36],"tags":[69],"post_mailing_queue_ids":[],"_links":{"self":[{"href":"http:\/\/www.mcmotylek.cz\/index.php?rest_route=\/wp\/v2\/posts\/3114"}],"collection":[{"href":"http:\/\/www.mcmotylek.cz\/index.php?rest_route=\/wp\/v2\/posts"}],"about":[{"href":"http:\/\/www.mcmotylek.cz\/index.php?rest_route=\/wp\/v2\/types\/post"}],"author":[{"embeddable":true,"href":"http:\/\/www.mcmotylek.cz\/index.php?rest_route=\/wp\/v2\/users\/15"}],"replies":[{"embeddable":true,"href":"http:\/\/www.mcmotylek.cz\/index.php?rest_route=%2Fwp%2Fv2%2Fcomments&post=3114"}],"version-history":[{"count":2,"href":"http:\/\/www.mcmotylek.cz\/index.php?rest_route=\/wp\/v2\/posts\/3114\/revisions"}],"predecessor-version":[{"id":3118,"href":"http:\/\/www.mcmotylek.cz\/index.php?rest_route=\/wp\/v2\/posts\/3114\/revisions\/3118"}],"wp:attachment":[{"href":"http:\/\/www.mcmotylek.cz\/index.php?rest_route=%2Fwp%2Fv2%2Fmedia&parent=3114"}],"wp:term":[{"taxonomy":"category","embeddable":true,"href":"http:\/\/www.mcmotylek.cz\/index.php?rest_route=%2Fwp%2Fv2%2Fcategories&post=3114"},{"taxonomy":"post_tag","embeddable":true,"href":"http:\/\/www.mcmotylek.cz\/index.php?rest_route=%2Fwp%2Fv2%2Ftags&post=3114"}],"curies":[{"name":"wp","href":"https:\/\/api.w.org\/{rel}","templated":true}]}}