{"id":3181,"date":"2013-10-30T22:04:07","date_gmt":"2013-10-30T21:04:07","guid":{"rendered":"http:\/\/www.mcmotylek.cz\/?p=3181"},"modified":"2013-10-30T22:07:42","modified_gmt":"2013-10-30T21:07:42","slug":"svatomartinsky-lampionovy-pruvod-11-11-1700-hod","status":"publish","type":"post","link":"http:\/\/www.mcmotylek.cz\/?p=3181","title":{"rendered":"Svatomartinsk\u00fd lampi\u00f3nov\u00fd pr\u016fvod &#8211; 11.11., 17:00 hod."},"content":{"rendered":"<h3>Zveme v\u00e1s na ji\u017e tradi\u010dn\u00ed<\/h3>\n<h1><strong><span style=\"text-decoration: underline;\"><span style=\"color: #0000ff; text-decoration: underline;\">SVATOMARTINSK\u00dd LAMPI\u00d3NOV\u00dd PR\u016eVOD<\/span><\/span><\/strong><\/h1>\n<h2><strong><span style=\"color: #0000ff;\">v pond\u011bl\u00ed 11.11.2013, 17:00 hod.<\/span><\/strong><\/h2>\n<h3><strong>Pr\u016fvod v \u010dele se Svat\u00fdm Martinem na b\u00edl\u00e9m koni vych\u00e1z\u00ed v 17:00 od MC Mot\u00fdlek T\u00fdnec n.S. (\u017elut\u00fd d\u016fm s pe\u010dovatelskou slu\u017ebou) a poputuje do zahrady Spole\u010densk\u00e9ho centra.<\/strong><\/h3>\n<h2><strong><span style=\"text-decoration: underline; color: #0000ff;\">Program v zahrad\u011b:<\/span><\/strong><\/h2>\n<h3>\u2022 sezn\u00e1men\u00ed s legendou o Svat\u00e9m Martinovi<br \/>\n\u2022 divadeln\u00ed p\u0159edstaven\u00ed Z\u0160 T\u00fdnec n.S.<br \/>\n\u2022 dobov\u00e9 a d\u011btsk\u00e9 p\u00edsni\u010dky v pod\u00e1n\u00ed kapely CZECH IT!<br \/>\n\u2022 tradi\u010dn\u00ed svatomartinsk\u00e9 rohl\u00ed\u010dky a tepl\u00fd \u010daj<\/h3>\n<h3>P\u0159\u00edsp\u011bv\u011bk na akci je 30 K\u010c\/d\u00edt\u011b.<\/h3>\n<h3><span style=\"text-decoration: underline;\">Kontakt:<\/span> Lenka Molitorisov\u00e1, info@mcmotylek.cz<\/h3>\n","protected":false},"excerpt":{"rendered":"<p>Zveme v\u00e1s na ji\u017e tradi\u010dn\u00ed SVATOMARTINSK\u00dd LAMPI\u00d3NOV\u00dd PR\u016eVOD v pond\u011bl\u00ed 11.11.2013, 17:00 hod. Pr\u016fvod v \u010dele se Svat\u00fdm Martinem na b\u00edl\u00e9m koni vych\u00e1z\u00ed v 17:00 od MC Mot\u00fdlek T\u00fdnec n.S. (\u017elut\u00fd d\u016fm s pe\u010dovatelskou slu\u017ebou) a poputuje do zahrady Spole\u010densk\u00e9ho centra. Program v zahrad\u011b: \u2022 sezn\u00e1men\u00ed s legendou o Svat\u00e9m Martinovi \u2022 divadeln\u00ed p\u0159edstaven\u00ed Z\u0160 [&hellip;]<\/p>\n","protected":false},"author":15,"featured_media":0,"comment_status":"open","ping_status":"open","sticky":false,"template":"","format":"standard","meta":{"ngg_post_thumbnail":0},"categories":[3],"tags":[91],"post_mailing_queue_ids":[],"_links":{"self":[{"href":"http:\/\/www.mcmotylek.cz\/index.php?rest_route=\/wp\/v2\/posts\/3181"}],"collection":[{"href":"http:\/\/www.mcmotylek.cz\/index.php?rest_route=\/wp\/v2\/posts"}],"about":[{"href":"http:\/\/www.mcmotylek.cz\/index.php?rest_route=\/wp\/v2\/types\/post"}],"author":[{"embeddable":true,"href":"http:\/\/www.mcmotylek.cz\/index.php?rest_route=\/wp\/v2\/users\/15"}],"replies":[{"embeddable":true,"href":"http:\/\/www.mcmotylek.cz\/index.php?rest_route=%2Fwp%2Fv2%2Fcomments&post=3181"}],"version-history":[{"count":3,"href":"http:\/\/www.mcmotylek.cz\/index.php?rest_route=\/wp\/v2\/posts\/3181\/revisions"}],"predecessor-version":[{"id":4471,"href":"http:\/\/www.mcmotylek.cz\/index.php?rest_route=\/wp\/v2\/posts\/3181\/revisions\/4471"}],"wp:attachment":[{"href":"http:\/\/www.mcmotylek.cz\/index.php?rest_route=%2Fwp%2Fv2%2Fmedia&parent=3181"}],"wp:term":[{"taxonomy":"category","embeddable":true,"href":"http:\/\/www.mcmotylek.cz\/index.php?rest_route=%2Fwp%2Fv2%2Fcategories&post=3181"},{"taxonomy":"post_tag","embeddable":true,"href":"http:\/\/www.mcmotylek.cz\/index.php?rest_route=%2Fwp%2Fv2%2Ftags&post=3181"}],"curies":[{"name":"wp","href":"https:\/\/api.w.org\/{rel}","templated":true}]}}