{"id":3195,"date":"2013-11-20T21:28:39","date_gmt":"2013-11-20T20:28:39","guid":{"rendered":"http:\/\/www.mcmotylek.cz\/?p=3195"},"modified":"2013-11-20T21:28:39","modified_gmt":"2013-11-20T20:28:39","slug":"mikulasska-besidka-4-12-od-1700-hod","status":"publish","type":"post","link":"http:\/\/www.mcmotylek.cz\/?p=3195","title":{"rendered":"Mikul\u00e1\u0161sk\u00e1 bes\u00eddka &#8211; 4.12. od 17:00 hod."},"content":{"rendered":"<h3><strong>R\u00e1di bychom v\u00e1s pozvali do MC Mot\u00fdlek na<\/strong><\/h3>\n<h1><span style=\"color: #ff0000;\"><strong>MIKUL\u00c1\u0160SKOU BES\u00cdDKU <\/strong><\/span><br \/>\n<span style=\"color: #ff0000;\"><strong>4.12.2013 od 17:00 hodin<\/strong><\/span><\/h1>\n<h2><strong><span style=\"color: #3366ff;\">P<strong>ro d\u011bti bude p\u0159ipraven\u00fd kr\u00e1tk\u00fd program s p\u00edsni\u010dkami, \u0159\u00edkankami s mikul\u00e1\u0161skou <\/strong><\/span><\/strong><strong><span style=\"color: #3366ff;\">t\u00e9matikou a dokonce si zatan\u010d\u00edme i \u010dertovsk\u00e9 tane\u010dky!<\/span> <\/strong><\/h2>\n<h2><strong><span style=\"color: #ff0000;\">Na z\u00e1v\u011br se d\u011bti mohou t\u011b\u0161it na Mikul\u00e1\u0161e, And\u011bla i \u010certa&#8230;<\/span> <\/strong><\/h2>\n<h2><span style=\"color: #3366ff;\"><strong>A pro hodn\u00e9 d\u011bti (mo\u017en\u00e1 i trochu zlobiv\u011bj\u0161\u00ed) Mikul\u00e1\u0161 s sebou p\u0159inese malou nad\u00edlku!<\/strong><\/span><\/h2>\n<h3><em><strong>Vstupn\u00e9 dobrovoln\u00e9<\/strong><\/em><\/h3>\n<h3><strong><span style=\"text-decoration: underline;\">Kontakt:<\/span> Lucka Vi\u0161vardov\u00e1, info@mcmotylek.cz, www.mcmotylek.cz<\/strong><\/h3>\n","protected":false},"excerpt":{"rendered":"<p>R\u00e1di bychom v\u00e1s pozvali do MC Mot\u00fdlek na MIKUL\u00c1\u0160SKOU BES\u00cdDKU 4.12.2013 od 17:00 hodin Pro d\u011bti bude p\u0159ipraven\u00fd kr\u00e1tk\u00fd program s p\u00edsni\u010dkami, \u0159\u00edkankami s mikul\u00e1\u0161skou t\u00e9matikou a dokonce si zatan\u010d\u00edme i \u010dertovsk\u00e9 tane\u010dky! Na z\u00e1v\u011br se d\u011bti mohou t\u011b\u0161it na Mikul\u00e1\u0161e, And\u011bla i \u010certa&#8230; A pro hodn\u00e9 d\u011bti (mo\u017en\u00e1 i trochu zlobiv\u011bj\u0161\u00ed) Mikul\u00e1\u0161 s sebou [&hellip;]<\/p>\n","protected":false},"author":15,"featured_media":0,"comment_status":"open","ping_status":"open","sticky":false,"template":"","format":"standard","meta":{"ngg_post_thumbnail":0},"categories":[3],"tags":[97],"post_mailing_queue_ids":[],"_links":{"self":[{"href":"http:\/\/www.mcmotylek.cz\/index.php?rest_route=\/wp\/v2\/posts\/3195"}],"collection":[{"href":"http:\/\/www.mcmotylek.cz\/index.php?rest_route=\/wp\/v2\/posts"}],"about":[{"href":"http:\/\/www.mcmotylek.cz\/index.php?rest_route=\/wp\/v2\/types\/post"}],"author":[{"embeddable":true,"href":"http:\/\/www.mcmotylek.cz\/index.php?rest_route=\/wp\/v2\/users\/15"}],"replies":[{"embeddable":true,"href":"http:\/\/www.mcmotylek.cz\/index.php?rest_route=%2Fwp%2Fv2%2Fcomments&post=3195"}],"version-history":[{"count":1,"href":"http:\/\/www.mcmotylek.cz\/index.php?rest_route=\/wp\/v2\/posts\/3195\/revisions"}],"predecessor-version":[{"id":3196,"href":"http:\/\/www.mcmotylek.cz\/index.php?rest_route=\/wp\/v2\/posts\/3195\/revisions\/3196"}],"wp:attachment":[{"href":"http:\/\/www.mcmotylek.cz\/index.php?rest_route=%2Fwp%2Fv2%2Fmedia&parent=3195"}],"wp:term":[{"taxonomy":"category","embeddable":true,"href":"http:\/\/www.mcmotylek.cz\/index.php?rest_route=%2Fwp%2Fv2%2Fcategories&post=3195"},{"taxonomy":"post_tag","embeddable":true,"href":"http:\/\/www.mcmotylek.cz\/index.php?rest_route=%2Fwp%2Fv2%2Ftags&post=3195"}],"curies":[{"name":"wp","href":"https:\/\/api.w.org\/{rel}","templated":true}]}}