{"id":3308,"date":"2013-12-05T23:02:23","date_gmt":"2013-12-05T22:02:23","guid":{"rendered":"http:\/\/www.mcmotylek.cz\/?p=3308"},"modified":"2013-12-12T18:53:33","modified_gmt":"2013-12-12T17:53:33","slug":"zveme-vas-na-akce-do-konce-roku-2013","status":"publish","type":"post","link":"http:\/\/www.mcmotylek.cz\/?p=3308","title":{"rendered":"Zveme v\u00e1s na akce v MC Mot\u00fdlek do konce roku 2013"},"content":{"rendered":"<h2><strong>R\u00e1di bychom v\u00e1s pozvali na akce, kter\u00e9 pro v\u00e1s do konce roku 2013 chyst\u00e1me v MC Mot\u00fdlek<\/strong><\/h2>\n<h1><\/h1>\n<h1><span style=\"text-decoration: underline;\"><span style=\"color: #ff0000;\"><strong>V\u00e1no\u010dn\u00ed t\u00fdden v MC Mot\u00fdlek 9.12. &#8211; 13.12.<\/strong><\/span><\/span><\/h1>\n<h3><strong><span style=\"color: #ff0000;\">V tomto t\u00fddnu budou v\u0161echny herny, krou\u017eky a kurzy t\u00e9maticky zam\u011b\u0159en\u00e9. T\u00e9matem budou samoz\u0159ejm\u011b V\u00e1noce<\/span> \u2013 v\u00fdroba v\u00e1no\u010dn\u00edch dekorac\u00ed, zp\u00edv\u00e1n\u00ed koled, tan\u010den\u00ed na poh\u00e1dkov\u00e9 p\u00edsni\u010dky, zdoben\u00ed strome\u010dku,&#8230;<\/strong><br \/>\n<strong>Vstupn\u00e9 je stejn\u00e9 jako p\u0159i b\u011b\u017en\u00e9m provozu.<\/strong><\/h3>\n<h1><\/h1>\n<h1><span style=\"text-decoration: underline;\"><span style=\"color: #99cc00;\"><strong>V\u00e1no\u010dn\u00ed hra\u010dkov\u00e1n\u00ed v mask\u00e1ch &#8211; \u00fater\u00fd 10.12. od 9:30 do 11:00<\/strong><\/span><\/span><\/h1>\n<h3><span style=\"color: #99cc00;\"><strong>\u010cek\u00e1 n\u00e1s d\u011btsk\u00e1 p\u0159ehl\u00eddka v mask\u00e1ch, sout\u011b\u017e o nejhez\u010d\u00ed masku, sout\u011b\u017ee s bal\u00f3nky,&#8230;<\/strong><\/span><\/h3>\n<h3><strong>Pokud pravideln\u011b nenav\u0161t\u011bvujete Hra\u010dkov\u00e1n\u00ed, pros\u00edm nahlaste se u Katky Pikousov\u00e9, tel. 602 633 410<\/strong><\/h3>\n<h3><\/h3>\n<h2><span style=\"color: #333333;\"><strong>Na 16.12. jsme v\u0161em mamink\u00e1m p\u0159ipravili d\u00e1rek k V\u00e1noc\u016fm a to <span style=\"color: #ff9900;\">relaxa\u010dn\u00ed dopoledne<\/span>, kde se dotkneme dvou t\u00e9mat: <\/strong><\/span><\/h2>\n<h1><strong><span style=\"text-decoration: underline;\"><span style=\"color: #ff9900; text-decoration: underline;\">Kr\u00e1sn\u00e1 &#8230; aneb jak spr\u00e1vn\u011b pe\u010dovat o ple\u0165\u00a0 a Kr\u00e1sn\u00e1 za 10 minut aneb rychl\u00e9 l\u00ed\u010den\u00ed pro maminky &#8211; pond\u011bl\u00ed 16.12. od 9:00 do 11:00<\/span><\/span><br \/>\n<\/strong><\/h1>\n<h3><strong>M\u016f\u017eete se t\u011b\u0161it na <span style=\"color: #ff9900;\">uk\u00e1zku p\u00e9\u010de o ple\u0165<\/span>, abyste z\u016fstala kr\u00e1sn\u00e1 i\u00a0za 10, 20, 30 let, na <span style=\"color: #ff9900;\">uk\u00e1zku rychl\u00e9ho l\u00ed\u010den\u00ed<\/span> (v\u00fdb\u011br odst\u00ednu make upu, nanesen\u00ed pudru, tv\u00e1\u0159enky, st\u00ednu, tu\u017eky, lesku a v\u00fdb\u011br \u0159asenky), na <span style=\"color: #ff9900;\">tipy pro dokonal\u00fd make up<\/span> a dal\u0161\u00ed zaj\u00edmav\u00e9 informace&#8230;<\/strong><br \/>\n<strong>V p\u0159\u00edpad\u011b z\u00e1jmu bude mo\u017en\u00e9 p\u0159\u00edpravky i vyzkou\u0161et.<\/strong><br \/>\n<strong>Na m\u00edst\u011b bude mo\u017en\u00e9 domluvit individu\u00e1ln\u00ed konzultaci, ur\u010den\u00ed typu pleti a pomoc p\u0159i v\u00fdb\u011bru vhodn\u00e9 efektivn\u00ed p\u00e9\u010de.<\/strong><\/h3>\n<p><span style=\"color: #ff9900;\"><strong>Cel\u00e9 dopoledne se v\u00e1m bude v\u011bnovat Mark\u00e9ta Krupa\u0159ov\u00e1, nez\u00e1visl\u00e1 kosmetick\u00e1 poradkyn\u011b Mary Kay<\/strong><\/span><\/p>\n<p><strong>Na tuto akci je t\u0159eba se p\u0159edem p\u0159ihl\u00e1sit u Katky Pikousov\u00e9, tel. 602 633 410<\/strong><\/p>\n<h3><\/h3>\n<h1><span style=\"text-decoration: underline;\"><span style=\"color: #3366ff;\"><strong>V\u00e1no\u010dn\u00ed setk\u00e1n\u00ed &#8211; \u010dtvrtek 19.12. do 16:00 do 18:00<\/strong><\/span><\/span><\/h1>\n<h3><strong>Program: <span style=\"color: #3366ff;\">zdoben\u00ed s\u00e1drov\u00fdch odlitk\u016f, zp\u00edv\u00e1n\u00ed, hran\u00ed a poslech v\u00e1no\u010dn\u00edch koled, ochutn\u00e1vka v\u00e1no\u010dn\u00edho cukrov\u00ed a v\u00e1no\u010dn\u00edch n\u00e1poj\u016f, &#8230;<\/span><\/strong><\/h3>\n<h3><strong>P\u0159ij\u010fte s n\u00e1mi str\u00e1vit p\u0159\u00edjemn\u00fd p\u0159edv\u00e1no\u010dn\u00ed \u010das<\/strong> a t\u0159eba si jen tak popov\u00eddat o v\u011bcech, na kter\u00e9 nen\u00ed b\u011bhem roku \u010das&#8230;<\/h3>\n<p>&nbsp;<\/p>\n<h1><span style=\"text-decoration: underline;\"><span style=\"color: #99cc00;\"><strong>A\u0165 u\u017e si vyberete jakoukoli akci, t\u011b\u0161\u00edme se na V\u00e1s!<\/strong><\/span><\/span><br \/>\n<strong><\/strong><\/h1>\n<h3><strong><span style=\"text-decoration: underline;\">Kontakt:<\/span> Lucka Vi\u0161vardov\u00e1, Katka Pikousov\u00e1, Lenka Molitorisov\u00e1, info@mcmotylek.cz, www.mcmotylek.cz<\/strong><\/h3>\n<h3><\/h3>\n","protected":false},"excerpt":{"rendered":"<p>R\u00e1di bychom v\u00e1s pozvali na akce, kter\u00e9 pro v\u00e1s do konce roku 2013 chyst\u00e1me v MC Mot\u00fdlek V\u00e1no\u010dn\u00ed t\u00fdden v MC Mot\u00fdlek 9.12. &#8211; 13.12. V tomto t\u00fddnu budou v\u0161echny herny, krou\u017eky a kurzy t\u00e9maticky zam\u011b\u0159en\u00e9. T\u00e9matem budou samoz\u0159ejm\u011b V\u00e1noce \u2013 v\u00fdroba v\u00e1no\u010dn\u00edch dekorac\u00ed, zp\u00edv\u00e1n\u00ed koled, tan\u010den\u00ed na poh\u00e1dkov\u00e9 p\u00edsni\u010dky, zdoben\u00ed strome\u010dku,&#8230; Vstupn\u00e9 je stejn\u00e9 [&hellip;]<\/p>\n","protected":false},"author":15,"featured_media":0,"comment_status":"open","ping_status":"open","sticky":false,"template":"","format":"standard","meta":{"ngg_post_thumbnail":0},"categories":[3],"tags":[91],"post_mailing_queue_ids":[],"_links":{"self":[{"href":"http:\/\/www.mcmotylek.cz\/index.php?rest_route=\/wp\/v2\/posts\/3308"}],"collection":[{"href":"http:\/\/www.mcmotylek.cz\/index.php?rest_route=\/wp\/v2\/posts"}],"about":[{"href":"http:\/\/www.mcmotylek.cz\/index.php?rest_route=\/wp\/v2\/types\/post"}],"author":[{"embeddable":true,"href":"http:\/\/www.mcmotylek.cz\/index.php?rest_route=\/wp\/v2\/users\/15"}],"replies":[{"embeddable":true,"href":"http:\/\/www.mcmotylek.cz\/index.php?rest_route=%2Fwp%2Fv2%2Fcomments&post=3308"}],"version-history":[{"count":4,"href":"http:\/\/www.mcmotylek.cz\/index.php?rest_route=\/wp\/v2\/posts\/3308\/revisions"}],"predecessor-version":[{"id":3390,"href":"http:\/\/www.mcmotylek.cz\/index.php?rest_route=\/wp\/v2\/posts\/3308\/revisions\/3390"}],"wp:attachment":[{"href":"http:\/\/www.mcmotylek.cz\/index.php?rest_route=%2Fwp%2Fv2%2Fmedia&parent=3308"}],"wp:term":[{"taxonomy":"category","embeddable":true,"href":"http:\/\/www.mcmotylek.cz\/index.php?rest_route=%2Fwp%2Fv2%2Fcategories&post=3308"},{"taxonomy":"post_tag","embeddable":true,"href":"http:\/\/www.mcmotylek.cz\/index.php?rest_route=%2Fwp%2Fv2%2Ftags&post=3308"}],"curies":[{"name":"wp","href":"https:\/\/api.w.org\/{rel}","templated":true}]}}