{"id":3546,"date":"2014-03-31T07:59:20","date_gmt":"2014-03-31T06:59:20","guid":{"rendered":"http:\/\/www.mcmotylek.cz\/?p=3546"},"modified":"2015-03-26T22:58:13","modified_gmt":"2015-03-26T21:58:13","slug":"velikonocni-tyden-14-18-4-2014","status":"publish","type":"post","link":"http:\/\/www.mcmotylek.cz\/?p=3546","title":{"rendered":"VELIKONO\u010cN\u00cd T\u00ddDEN 30.3 &#8211; 2.4.2015"},"content":{"rendered":"<p><strong><span style=\"color: #800080;\">MC Mot\u00fdlek<\/span><\/strong><br \/>\n<strong><span style=\"color: #800080;\"> zve srde\u010dn\u011b v\u0161echny d\u011bti, rodi\u010de a kamar\u00e1dy na<\/span><\/strong><\/p>\n<p><strong><span style=\"text-decoration: underline; color: #800080;\"><span style=\"text-decoration: underline;\">Velikono\u010dn\u00ed t\u00fdden 30.3.-2.4.<\/span><\/span><\/strong><\/p>\n<p><strong><span style=\"color: #800080;\">V tomto t\u00fddnu budou v\u0161echny herny, krou\u017eky a kurzy t\u00e9maticky <\/span><\/strong><strong><span style=\"color: #800080;\">zam\u011b\u0159en\u00e9.<\/span><\/strong><br \/>\n<strong><span style=\"color: #800080;\"> T\u00e9matem budou samoz\u0159ejm\u011b VELIKONOCE.<\/span><\/strong><\/p>\n<h2><strong><span style=\"color: #800080;\">Vedle pravideln\u00e9ho programu jsme pro v\u00e1s p\u0159ipravili i <span style=\"text-decoration: underline; color: #ff0000;\">mimo\u0159\u00e1dn\u00e9 velikono\u010dn\u00ed tvo\u0159en\u00ed, kter\u00e9 se bude konat ve \u010dtvrtek 2.4. od 16.00 hodin, budeme malovat velikono\u010dn\u00ed dekoraci a vyzkou\u0161\u00edme se velikono\u010dn\u00ed zvyky. <\/span><\/span><\/strong><\/h2>\n<p><strong><span style=\"color: #800080;\">Vstupn\u00e9 je stejn\u00e9 jako p\u0159i b\u011b\u017en\u00e9m provozu.<\/span><\/strong><\/p>\n<p><strong><span style=\"color: #800080;\">T\u011b\u0161\u00edme se na v\u00e1s!<\/span><\/strong><\/p>\n","protected":false},"excerpt":{"rendered":"<p>MC Mot\u00fdlek zve srde\u010dn\u011b v\u0161echny d\u011bti, rodi\u010de a kamar\u00e1dy na Velikono\u010dn\u00ed t\u00fdden 30.3.-2.4. V tomto t\u00fddnu budou v\u0161echny herny, krou\u017eky a kurzy t\u00e9maticky zam\u011b\u0159en\u00e9. T\u00e9matem budou samoz\u0159ejm\u011b VELIKONOCE. Vedle pravideln\u00e9ho programu jsme pro v\u00e1s p\u0159ipravili i mimo\u0159\u00e1dn\u00e9 velikono\u010dn\u00ed tvo\u0159en\u00ed, kter\u00e9 se bude konat ve \u010dtvrtek 2.4. od 16.00 hodin, budeme malovat velikono\u010dn\u00ed dekoraci a vyzkou\u0161\u00edme [&hellip;]<\/p>\n","protected":false},"author":8,"featured_media":0,"comment_status":"open","ping_status":"open","sticky":true,"template":"","format":"standard","meta":{"ngg_post_thumbnail":0},"categories":[1],"tags":[],"post_mailing_queue_ids":[],"_links":{"self":[{"href":"http:\/\/www.mcmotylek.cz\/index.php?rest_route=\/wp\/v2\/posts\/3546"}],"collection":[{"href":"http:\/\/www.mcmotylek.cz\/index.php?rest_route=\/wp\/v2\/posts"}],"about":[{"href":"http:\/\/www.mcmotylek.cz\/index.php?rest_route=\/wp\/v2\/types\/post"}],"author":[{"embeddable":true,"href":"http:\/\/www.mcmotylek.cz\/index.php?rest_route=\/wp\/v2\/users\/8"}],"replies":[{"embeddable":true,"href":"http:\/\/www.mcmotylek.cz\/index.php?rest_route=%2Fwp%2Fv2%2Fcomments&post=3546"}],"version-history":[{"count":4,"href":"http:\/\/www.mcmotylek.cz\/index.php?rest_route=\/wp\/v2\/posts\/3546\/revisions"}],"predecessor-version":[{"id":4078,"href":"http:\/\/www.mcmotylek.cz\/index.php?rest_route=\/wp\/v2\/posts\/3546\/revisions\/4078"}],"wp:attachment":[{"href":"http:\/\/www.mcmotylek.cz\/index.php?rest_route=%2Fwp%2Fv2%2Fmedia&parent=3546"}],"wp:term":[{"taxonomy":"category","embeddable":true,"href":"http:\/\/www.mcmotylek.cz\/index.php?rest_route=%2Fwp%2Fv2%2Fcategories&post=3546"},{"taxonomy":"post_tag","embeddable":true,"href":"http:\/\/www.mcmotylek.cz\/index.php?rest_route=%2Fwp%2Fv2%2Ftags&post=3546"}],"curies":[{"name":"wp","href":"https:\/\/api.w.org\/{rel}","templated":true}]}}