{"id":3882,"date":"2014-11-12T21:40:58","date_gmt":"2014-11-12T20:40:58","guid":{"rendered":"http:\/\/www.mcmotylek.cz\/?p=3882"},"modified":"2014-11-12T21:40:58","modified_gmt":"2014-11-12T20:40:58","slug":"maskarni-karneval-18-11-od-9-30-hodin","status":"publish","type":"post","link":"http:\/\/www.mcmotylek.cz\/?p=3882","title":{"rendered":"MA\u0160KARN\u00cd KARNEVAL 18.11. od 9.30 hodin"},"content":{"rendered":"<h3><span style=\"color: #800080;\"><strong>Zveme v\u0161echny d\u011bti, maminky, tat\u00ednky, babi\u010dky a d\u011bde\u010dky do MC Mot\u00fdlek na\u00a0<\/strong><\/span><\/h3>\n<h1><span style=\"color: #ff00ff;\"><strong>Ma\u0161karn\u00ed karneval<br \/>\n<\/strong><\/span><\/h1>\n<h2><span style=\"color: #00ff00;\"><strong>18.11. 2014 od 9.30 hodin &#8211; do 11.00 hodin<\/strong><\/span><\/h2>\n<p><strong><span style=\"color: #800080;\">Pro d\u011bti je p\u0159ipravena\u00a0 p\u0159ehl\u00eddka masek, tanec v bublink\u00e1ch a mnoho dal\u0161\u00edho. Sou\u010d\u00e1st\u00ed budou samoz\u0159ejm\u011b sout\u011b\u017ee o mal\u00e9 odm\u011bny.<\/span><\/strong><br \/>\n<strong><span style=\"color: #800080;\">Vstupn\u00e9: pro \u010dleny MC zdarma<\/span><\/strong><br \/>\n<strong><span style=\"color: #800080;\">\u00a0\u00a0\u00a0\u00a0\u00a0\u00a0\u00a0\u00a0\u00a0\u00a0\u00a0\u00a0\u00a0\u00a0\u00a0\u00a0\u00a0\u00a0 pro ostatn\u00ed 40,- K\u010d<\/span><\/strong><br \/>\n<strong><span style=\"color: #800080;\">\u00a0<\/span><\/strong><br \/>\n<span style=\"color: #00ff00;\"><strong>Kontakt: <\/strong><\/span><span style=\"color: #00ff00;\"><strong>Denisa \u017d\u00eddkov\u00e1\u00a0 info<\/strong><\/span><span style=\"color: #00ff00;\"><strong>@mcmotylek.cz,\u00a0 723 228 281<\/strong><\/span><\/p>\n<p>&nbsp;<\/p>\n","protected":false},"excerpt":{"rendered":"<p>Zveme v\u0161echny d\u011bti, maminky, tat\u00ednky, babi\u010dky a d\u011bde\u010dky do MC Mot\u00fdlek na\u00a0 Ma\u0161karn\u00ed karneval 18.11. 2014 od 9.30 hodin &#8211; do 11.00 hodin Pro d\u011bti je p\u0159ipravena\u00a0 p\u0159ehl\u00eddka masek, tanec v bublink\u00e1ch a mnoho dal\u0161\u00edho. Sou\u010d\u00e1st\u00ed budou samoz\u0159ejm\u011b sout\u011b\u017ee o mal\u00e9 odm\u011bny. Vstupn\u00e9: pro \u010dleny MC zdarma \u00a0\u00a0\u00a0\u00a0\u00a0\u00a0\u00a0\u00a0\u00a0\u00a0\u00a0\u00a0\u00a0\u00a0\u00a0\u00a0\u00a0\u00a0 pro ostatn\u00ed 40,- K\u010d \u00a0 Kontakt: Denisa [&hellip;]<\/p>\n","protected":false},"author":29,"featured_media":0,"comment_status":"open","ping_status":"open","sticky":true,"template":"","format":"standard","meta":{"ngg_post_thumbnail":0},"categories":[37],"tags":[95],"post_mailing_queue_ids":[],"_links":{"self":[{"href":"http:\/\/www.mcmotylek.cz\/index.php?rest_route=\/wp\/v2\/posts\/3882"}],"collection":[{"href":"http:\/\/www.mcmotylek.cz\/index.php?rest_route=\/wp\/v2\/posts"}],"about":[{"href":"http:\/\/www.mcmotylek.cz\/index.php?rest_route=\/wp\/v2\/types\/post"}],"author":[{"embeddable":true,"href":"http:\/\/www.mcmotylek.cz\/index.php?rest_route=\/wp\/v2\/users\/29"}],"replies":[{"embeddable":true,"href":"http:\/\/www.mcmotylek.cz\/index.php?rest_route=%2Fwp%2Fv2%2Fcomments&post=3882"}],"version-history":[{"count":1,"href":"http:\/\/www.mcmotylek.cz\/index.php?rest_route=\/wp\/v2\/posts\/3882\/revisions"}],"predecessor-version":[{"id":3883,"href":"http:\/\/www.mcmotylek.cz\/index.php?rest_route=\/wp\/v2\/posts\/3882\/revisions\/3883"}],"wp:attachment":[{"href":"http:\/\/www.mcmotylek.cz\/index.php?rest_route=%2Fwp%2Fv2%2Fmedia&parent=3882"}],"wp:term":[{"taxonomy":"category","embeddable":true,"href":"http:\/\/www.mcmotylek.cz\/index.php?rest_route=%2Fwp%2Fv2%2Fcategories&post=3882"},{"taxonomy":"post_tag","embeddable":true,"href":"http:\/\/www.mcmotylek.cz\/index.php?rest_route=%2Fwp%2Fv2%2Ftags&post=3882"}],"curies":[{"name":"wp","href":"https:\/\/api.w.org\/{rel}","templated":true}]}}