{"id":3920,"date":"2014-12-14T22:37:26","date_gmt":"2014-12-14T21:37:26","guid":{"rendered":"http:\/\/www.mcmotylek.cz\/?p=3920"},"modified":"2014-12-14T22:37:26","modified_gmt":"2014-12-14T21:37:26","slug":"20-12-2014-vanoce-v-lese-s-mc-motylek","status":"publish","type":"post","link":"http:\/\/www.mcmotylek.cz\/?p=3920","title":{"rendered":"20.12.2014 V\u00c1NOCE V LESE S MC MOT\u00ddLEK"},"content":{"rendered":"<p><strong><span style=\"color: #0000ff;\">V\u00e1\u017een\u00ed p\u0159\u00e1tel\u00e9 MC Mot\u00fdlek, r\u00e1di bychom V\u00e1s pozvali na <span style=\"color: #ff0000;\">prvn\u00ed ro\u010dn\u00edk nov\u00e9 akce s n\u00e1zvem V\u00e1noce v lese.<\/span><\/span><\/strong><\/p>\n<p><strong><span style=\"color: #0000ff;\">KDY: <span style=\"color: #ff0000;\">20.12.2014 od 14.00 hodin<\/span><\/span><\/strong><\/p>\n<p><strong><span style=\"color: #0000ff;\">KDE:<span style=\"color: #ff0000;\"> u H\u00e1jovny nad gar\u00e1\u017eemi v T\u00fdnci<\/span><\/span><\/strong><\/p>\n<p><strong><span style=\"color: #0000ff;\">Myslete o V\u00e1noc\u00edch na druh\u00e9 a poj\u010fte s n\u00e1mi ozdobit strome\u010dek lesn\u00edm zv\u00ed\u0159\u00e1tk\u016fm.<\/span><\/strong><br \/>\n<span style=\"color: #ff0000;\"><strong>Budeme zdobit ka\u0161tany, \u017ealudy, tvrd\u00fdm pe\u010divem, zeleninou a ovocem, v\u00edtan\u00e1 jsou i sem\u00ednka pro pt\u00e1\u010dky!<\/strong><\/span><br \/>\n<span style=\"color: #ff0000;\"><strong>A\u017e strome\u010dek nazdob\u00edme,spole\u010dn\u011b si zazp\u00edv\u00e1me koledy a n\u011bco si zahrajeme.<\/strong><\/span><\/p>\n<p><strong><span style=\"color: #0000ff;\">Dobroty pro zv\u00ed\u0159\u00e1tka s sebou!<\/span><\/strong><\/p>\n<p><strong><span style=\"color: #0000ff;\">Kontakt: Monika Ku\u010derov\u00e1 604465568 nebo info@mcmotylek.cz<br \/>\n<\/span><\/strong><\/p>\n","protected":false},"excerpt":{"rendered":"<p>V\u00e1\u017een\u00ed p\u0159\u00e1tel\u00e9 MC Mot\u00fdlek, r\u00e1di bychom V\u00e1s pozvali na prvn\u00ed ro\u010dn\u00edk nov\u00e9 akce s n\u00e1zvem V\u00e1noce v lese. KDY: 20.12.2014 od 14.00 hodin KDE: u H\u00e1jovny nad gar\u00e1\u017eemi v T\u00fdnci Myslete o V\u00e1noc\u00edch na druh\u00e9 a poj\u010fte s n\u00e1mi ozdobit strome\u010dek lesn\u00edm zv\u00ed\u0159\u00e1tk\u016fm. Budeme zdobit ka\u0161tany, \u017ealudy, tvrd\u00fdm pe\u010divem, zeleninou a ovocem, v\u00edtan\u00e1 jsou i [&hellip;]<\/p>\n","protected":false},"author":29,"featured_media":0,"comment_status":"open","ping_status":"open","sticky":true,"template":"","format":"standard","meta":{"ngg_post_thumbnail":0},"categories":[37],"tags":[95],"post_mailing_queue_ids":[],"_links":{"self":[{"href":"http:\/\/www.mcmotylek.cz\/index.php?rest_route=\/wp\/v2\/posts\/3920"}],"collection":[{"href":"http:\/\/www.mcmotylek.cz\/index.php?rest_route=\/wp\/v2\/posts"}],"about":[{"href":"http:\/\/www.mcmotylek.cz\/index.php?rest_route=\/wp\/v2\/types\/post"}],"author":[{"embeddable":true,"href":"http:\/\/www.mcmotylek.cz\/index.php?rest_route=\/wp\/v2\/users\/29"}],"replies":[{"embeddable":true,"href":"http:\/\/www.mcmotylek.cz\/index.php?rest_route=%2Fwp%2Fv2%2Fcomments&post=3920"}],"version-history":[{"count":2,"href":"http:\/\/www.mcmotylek.cz\/index.php?rest_route=\/wp\/v2\/posts\/3920\/revisions"}],"predecessor-version":[{"id":3922,"href":"http:\/\/www.mcmotylek.cz\/index.php?rest_route=\/wp\/v2\/posts\/3920\/revisions\/3922"}],"wp:attachment":[{"href":"http:\/\/www.mcmotylek.cz\/index.php?rest_route=%2Fwp%2Fv2%2Fmedia&parent=3920"}],"wp:term":[{"taxonomy":"category","embeddable":true,"href":"http:\/\/www.mcmotylek.cz\/index.php?rest_route=%2Fwp%2Fv2%2Fcategories&post=3920"},{"taxonomy":"post_tag","embeddable":true,"href":"http:\/\/www.mcmotylek.cz\/index.php?rest_route=%2Fwp%2Fv2%2Ftags&post=3920"}],"curies":[{"name":"wp","href":"https:\/\/api.w.org\/{rel}","templated":true}]}}