{"id":4116,"date":"2015-03-29T21:17:25","date_gmt":"2015-03-29T20:17:25","guid":{"rendered":"http:\/\/www.mcmotylek.cz\/?p=4116"},"modified":"2015-03-29T21:17:25","modified_gmt":"2015-03-29T20:17:25","slug":"nove-krouzky-od-dubna-v-mc-motylek","status":"publish","type":"post","link":"http:\/\/www.mcmotylek.cz\/?p=4116","title":{"rendered":"NOV\u00c9 KROU\u017dKY OD DUBNA V MC MOT\u00ddLEK"},"content":{"rendered":"<p><strong><span style=\"color: #0000ff;\">Mil\u00e9 maminky, d\u011bti a ostatn\u00ed p\u0159\u00e1tel\u00e9,<\/span><\/strong><\/p>\n<p><strong><span style=\"color: #0000ff;\">r\u00e1di bychom V\u00e1s pozvali na nov\u00e9 krou\u017eky, kter\u00e9 pro v\u00e1s od dubna otev\u00edr\u00e1me.<\/span><\/strong><\/p>\n<p>&nbsp;<\/p>\n<p><span style=\"text-decoration: underline;\"><span style=\"color: #ff0000; text-decoration: underline;\"><strong>MIMIKLUB <\/strong><\/span><\/span><\/p>\n<p><span style=\"color: #ff0000;\"><strong>Od 8.4 znovu otev\u00edr\u00e1me krou\u017eek mimiklub pro na\u0161e nejmen\u0161\u00ed, bude se konat ka\u017edou st\u0159edu od 8.30 do 10.00 hodin. V r\u00e1mci krou\u017eku si budeme s na\u0161imi nejmen\u0161\u00edmi hr\u00e1t, cvi\u010dit a u\u010dit se b\u00e1sni\u010dky, p\u00edsni\u010dky a spoustu nov\u00e9ho. Pokud n\u00e1m po\u010das\u00ed dovol\u00ed po\u010d\u00edt\u00e1me s n\u011bkter\u00fdmi hodinami venku.<\/strong><\/span><\/p>\n<p>&nbsp;<\/p>\n<p><span style=\"text-decoration: underline;\"><span style=\"color: #ff0000;\"><strong>JARN\u00cd HERNA<\/strong><\/span><\/span><\/p>\n<p><span style=\"color: #ff0000;\"><strong>Za\u010d\u00edn\u00e1me 10.dubna, herna bude otev\u0159ena pro v\u0161echny ka\u017ed\u00fd p\u00e1tek od 9.30 do 11.00 hodin. Podobn\u011b jako v zimn\u00ed hern\u011b si d\u011bti budou moci spole\u010dn\u011b pohr\u00e1t, maminky popov\u00eddat a za\u017e\u00edt spoustu legrace. Vhodn\u00e9 pro d\u011bti od 1 roku do 4 let. <\/strong><\/span><\/p>\n<p>&nbsp;<\/p>\n<p><strong><span style=\"color: #0000ff;\">P\u0159ijdte se pod\u00edvat a naj\u00edt si nov\u00e9 kamar\u00e1dy. T\u011b\u0161\u00edme se na V\u00e1s.<\/span><\/strong><\/p>\n<p>Vstupn\u00e9 pro \u010dleny zdarma, ostatn\u00ed 40,-K\u010d.<\/p>\n","protected":false},"excerpt":{"rendered":"<p>Mil\u00e9 maminky, d\u011bti a ostatn\u00ed p\u0159\u00e1tel\u00e9, r\u00e1di bychom V\u00e1s pozvali na nov\u00e9 krou\u017eky, kter\u00e9 pro v\u00e1s od dubna otev\u00edr\u00e1me. &nbsp; MIMIKLUB Od 8.4 znovu otev\u00edr\u00e1me krou\u017eek mimiklub pro na\u0161e nejmen\u0161\u00ed, bude se konat ka\u017edou st\u0159edu od 8.30 do 10.00 hodin. V r\u00e1mci krou\u017eku si budeme s na\u0161imi nejmen\u0161\u00edmi hr\u00e1t, cvi\u010dit a u\u010dit se b\u00e1sni\u010dky, p\u00edsni\u010dky [&hellip;]<\/p>\n","protected":false},"author":29,"featured_media":0,"comment_status":"open","ping_status":"open","sticky":true,"template":"","format":"standard","meta":{"ngg_post_thumbnail":0},"categories":[37],"tags":[95],"post_mailing_queue_ids":[],"_links":{"self":[{"href":"http:\/\/www.mcmotylek.cz\/index.php?rest_route=\/wp\/v2\/posts\/4116"}],"collection":[{"href":"http:\/\/www.mcmotylek.cz\/index.php?rest_route=\/wp\/v2\/posts"}],"about":[{"href":"http:\/\/www.mcmotylek.cz\/index.php?rest_route=\/wp\/v2\/types\/post"}],"author":[{"embeddable":true,"href":"http:\/\/www.mcmotylek.cz\/index.php?rest_route=\/wp\/v2\/users\/29"}],"replies":[{"embeddable":true,"href":"http:\/\/www.mcmotylek.cz\/index.php?rest_route=%2Fwp%2Fv2%2Fcomments&post=4116"}],"version-history":[{"count":2,"href":"http:\/\/www.mcmotylek.cz\/index.php?rest_route=\/wp\/v2\/posts\/4116\/revisions"}],"predecessor-version":[{"id":4118,"href":"http:\/\/www.mcmotylek.cz\/index.php?rest_route=\/wp\/v2\/posts\/4116\/revisions\/4118"}],"wp:attachment":[{"href":"http:\/\/www.mcmotylek.cz\/index.php?rest_route=%2Fwp%2Fv2%2Fmedia&parent=4116"}],"wp:term":[{"taxonomy":"category","embeddable":true,"href":"http:\/\/www.mcmotylek.cz\/index.php?rest_route=%2Fwp%2Fv2%2Fcategories&post=4116"},{"taxonomy":"post_tag","embeddable":true,"href":"http:\/\/www.mcmotylek.cz\/index.php?rest_route=%2Fwp%2Fv2%2Ftags&post=4116"}],"curies":[{"name":"wp","href":"https:\/\/api.w.org\/{rel}","templated":true}]}}