{"id":4186,"date":"2015-05-11T13:13:32","date_gmt":"2015-05-11T12:13:32","guid":{"rendered":"http:\/\/www.mcmotylek.cz\/?p=4186"},"modified":"2015-05-11T13:13:32","modified_gmt":"2015-05-11T12:13:32","slug":"blesi-trh-bazar-pro-dospele-23-5-2015-09-00-12-00-hodin","status":"publish","type":"post","link":"http:\/\/www.mcmotylek.cz\/?p=4186","title":{"rendered":"BLE\u0160\u00cd TRH &#8211; BAZAR PRO DOSP\u011aL\u00c9 23.5.2015  09.00 \u2013 12.00 hodin"},"content":{"rendered":"<p><span style=\"color: #0000ff;\"><strong>Mate\u0159sk\u00e9 centrum Mot\u00fdlek zve v\u0161echny maminky a ostatn\u00ed na prvn\u00ed BAZ\u00c1REK PRO DOSP\u011aL\u00c9 neboli BLE\u0160\u00cd TRH. <\/strong><\/span><\/p>\n<p><span style=\"color: #ff0000;\"><strong>M\u00e1te doma oble\u010den\u00ed, kter\u00e9 jste nem\u011bla n\u011bkolik let na sob\u011b? Zm\u011bnila se v\u00e1m velikost a ve sk\u0159\u00edni v\u00e1m vis\u00ed kr\u00e1sn\u00e9 oble\u010den\u00ed kter\u00e9 nenos\u00edte? P\u0159ij\u010fte ho k n\u00e1m prodat. Je mo\u017en\u00e9 prodat t\u00e9m\u011b\u0159 cokoli, vedle oble\u010den\u00ed tak\u00e9 boty, dopl\u0148ky do bytu i drobn\u00e9 vybaven\u00ed dom\u00e1cnosti.\u00a0 <\/strong><\/span><br \/>\n<span style=\"color: #ff0000;\"><strong>V\u00edtan\u00e9 jsou i rukod\u011bln\u00e9 v\u00fdrobky, r\u00e1di podpo\u0159\u00edme tvo\u0159iv\u00e9 maminky! Nenoste d\u011btsk\u00e9 zbo\u017e\u00ed!!!!<\/strong><\/span><\/p>\n<p><span style=\"color: #0000ff;\"><strong>KDY: 23.5.2015\u00a0 09.00 \u2013 12.00 hodin<\/strong><\/span><\/p>\n<p><span style=\"color: #0000ff;\"><strong>KDE: RESPIRIUM 2.STUPN\u011a Z\u0160 T\u00ddNEC NAD S\u00c1ZAVOU<\/strong><\/span><\/p>\n<p>&nbsp;<\/p>\n<p><span style=\"text-decoration: underline;\"><span style=\"color: #0000ff; text-decoration: underline;\"><strong>Pro kupuj\u00edc\u00ed:<\/strong><\/span><\/span><\/p>\n<p><span style=\"color: #0000ff;\"><strong>&#8211; Prodej bude prob\u00edhat od 9.00 do 12.00 hodin<\/strong><\/span><\/p>\n<p><span style=\"text-decoration: underline;\"><span style=\"color: #0000ff; text-decoration: underline;\"><strong>Pro prod\u00e1vaj\u00edc\u00ed:<\/strong><\/span><\/span><br \/>\n<span style=\"color: #0000ff;\"><strong>&#8211; Ka\u017ed\u00fd si prod\u00e1v\u00e1 sv\u00e9 zbo\u017e\u00ed s\u00e1m u stole\u010dku<\/strong><\/span><br \/>\n<span style=\"color: #0000ff;\"><strong>&#8211; Cena prodejn\u00edho m\u00edsta je 100,-K\u010d\/ prodejn\u00ed m\u00edsto<\/strong><\/span><br \/>\n<span style=\"color: #0000ff;\"><strong>&#8211; Rezervace prodejn\u00edho m\u00edsta nutn\u00e1 nejpozd\u011bji do 15.5.2015 na info @mcmotylek.cz nebo na 602 633 410<\/strong><\/span><\/p>\n","protected":false},"excerpt":{"rendered":"<p>Mate\u0159sk\u00e9 centrum Mot\u00fdlek zve v\u0161echny maminky a ostatn\u00ed na prvn\u00ed BAZ\u00c1REK PRO DOSP\u011aL\u00c9 neboli BLE\u0160\u00cd TRH. M\u00e1te doma oble\u010den\u00ed, kter\u00e9 jste nem\u011bla n\u011bkolik let na sob\u011b? Zm\u011bnila se v\u00e1m velikost a ve sk\u0159\u00edni v\u00e1m vis\u00ed kr\u00e1sn\u00e9 oble\u010den\u00ed kter\u00e9 nenos\u00edte? P\u0159ij\u010fte ho k n\u00e1m prodat. Je mo\u017en\u00e9 prodat t\u00e9m\u011b\u0159 cokoli, vedle oble\u010den\u00ed tak\u00e9 boty, dopl\u0148ky do [&hellip;]<\/p>\n","protected":false},"author":29,"featured_media":0,"comment_status":"open","ping_status":"open","sticky":true,"template":"","format":"standard","meta":{"ngg_post_thumbnail":0},"categories":[37],"tags":[122],"post_mailing_queue_ids":[],"_links":{"self":[{"href":"http:\/\/www.mcmotylek.cz\/index.php?rest_route=\/wp\/v2\/posts\/4186"}],"collection":[{"href":"http:\/\/www.mcmotylek.cz\/index.php?rest_route=\/wp\/v2\/posts"}],"about":[{"href":"http:\/\/www.mcmotylek.cz\/index.php?rest_route=\/wp\/v2\/types\/post"}],"author":[{"embeddable":true,"href":"http:\/\/www.mcmotylek.cz\/index.php?rest_route=\/wp\/v2\/users\/29"}],"replies":[{"embeddable":true,"href":"http:\/\/www.mcmotylek.cz\/index.php?rest_route=%2Fwp%2Fv2%2Fcomments&post=4186"}],"version-history":[{"count":1,"href":"http:\/\/www.mcmotylek.cz\/index.php?rest_route=\/wp\/v2\/posts\/4186\/revisions"}],"predecessor-version":[{"id":4187,"href":"http:\/\/www.mcmotylek.cz\/index.php?rest_route=\/wp\/v2\/posts\/4186\/revisions\/4187"}],"wp:attachment":[{"href":"http:\/\/www.mcmotylek.cz\/index.php?rest_route=%2Fwp%2Fv2%2Fmedia&parent=4186"}],"wp:term":[{"taxonomy":"category","embeddable":true,"href":"http:\/\/www.mcmotylek.cz\/index.php?rest_route=%2Fwp%2Fv2%2Fcategories&post=4186"},{"taxonomy":"post_tag","embeddable":true,"href":"http:\/\/www.mcmotylek.cz\/index.php?rest_route=%2Fwp%2Fv2%2Ftags&post=4186"}],"curies":[{"name":"wp","href":"https:\/\/api.w.org\/{rel}","templated":true}]}}