{"id":4209,"date":"2015-05-29T21:46:19","date_gmt":"2015-05-29T20:46:19","guid":{"rendered":"http:\/\/www.mcmotylek.cz\/?p=4209"},"modified":"2015-05-29T21:46:19","modified_gmt":"2015-05-29T20:46:19","slug":"miniolympiada-hrackovani-2-6-2015","status":"publish","type":"post","link":"http:\/\/www.mcmotylek.cz\/?p=4209","title":{"rendered":"MINIOLYMPI\u00c1DA &#8211; HRA\u010cKOV\u00c1N\u00cd 2.6.2015"},"content":{"rendered":"<h3><strong>P\u0159ij\u010fte s n\u00e1mi do MC oslavit <span style=\"color: #ff6600;\">Den d\u011bt\u00ed.<\/span> V r\u00e1mci Hra\u010dkov\u00e1n\u00ed se chyst\u00e1<br \/>\n<\/strong><\/h3>\n<h1><strong><span style=\"color: #ff6600;\">D\u011aTSK\u00c1 MINIOLYMPI\u00c1DA<\/span><\/strong><\/h1>\n<h2><strong><span style=\"color: #ff6600;\">2.6. od 9:30 do 11:00 hod.<\/span><\/strong><\/h2>\n<h2><strong>Budeme si hr\u00e1t, ale <span style=\"text-decoration: underline;\">hlavn\u011b sout\u011b\u017eit a to v nejr\u016fzn\u011bj\u0161\u00edch discipl\u00edn\u00e1ch!<\/span><\/strong><\/h2>\n<h2><strong><span style=\"color: #ff6600;\">Vyzkou\u0161\u00edme, co v\u0161echno svedeme ve vzduchu, ve vod\u011b i na sou\u0161i:-)<\/span><\/strong><\/h2>\n<h3>S sebou si p\u0159ineste hlavn\u011b dobrou n\u00e1ladu. Na v\u0161echny z\u00e1vodn\u00edky \u010dek\u00e1 odm\u011bna.<\/h3>\n<h3><span style=\"color: #ff6600;\">Z\u00e1pis z\u00e1vodn\u00edk\u016f na startu<\/span> se kon\u00e1 od <span style=\"color: #ff6600;\">9.30 do 9.45<\/span>, <strong>tak nezme\u0161kejte!<\/strong><\/h3>\n<h3><span style=\"text-decoration: underline;\">Bli\u017e\u0161\u00ed info<\/span>: Denisa \u017d\u00eddkov\u00e1, tel. 723 228 281, <a class=\"linkification-ext\" title=\"Linkification: mailto:info@mcmotylek.cz\" href=\"mailto:info@mcmotylek.cz\">info@mcmotylek.cz<\/a><\/h3>\n","protected":false},"excerpt":{"rendered":"<p>P\u0159ij\u010fte s n\u00e1mi do MC oslavit Den d\u011bt\u00ed. V r\u00e1mci Hra\u010dkov\u00e1n\u00ed se chyst\u00e1 D\u011aTSK\u00c1 MINIOLYMPI\u00c1DA 2.6. od 9:30 do 11:00 hod. Budeme si hr\u00e1t, ale hlavn\u011b sout\u011b\u017eit a to v nejr\u016fzn\u011bj\u0161\u00edch discipl\u00edn\u00e1ch! Vyzkou\u0161\u00edme, co v\u0161echno svedeme ve vzduchu, ve vod\u011b i na sou\u0161i:-) S sebou si p\u0159ineste hlavn\u011b dobrou n\u00e1ladu. Na v\u0161echny z\u00e1vodn\u00edky \u010dek\u00e1 odm\u011bna. [&hellip;]<\/p>\n","protected":false},"author":29,"featured_media":0,"comment_status":"open","ping_status":"open","sticky":true,"template":"","format":"standard","meta":{"ngg_post_thumbnail":0},"categories":[37],"tags":[95],"post_mailing_queue_ids":[],"_links":{"self":[{"href":"http:\/\/www.mcmotylek.cz\/index.php?rest_route=\/wp\/v2\/posts\/4209"}],"collection":[{"href":"http:\/\/www.mcmotylek.cz\/index.php?rest_route=\/wp\/v2\/posts"}],"about":[{"href":"http:\/\/www.mcmotylek.cz\/index.php?rest_route=\/wp\/v2\/types\/post"}],"author":[{"embeddable":true,"href":"http:\/\/www.mcmotylek.cz\/index.php?rest_route=\/wp\/v2\/users\/29"}],"replies":[{"embeddable":true,"href":"http:\/\/www.mcmotylek.cz\/index.php?rest_route=%2Fwp%2Fv2%2Fcomments&post=4209"}],"version-history":[{"count":1,"href":"http:\/\/www.mcmotylek.cz\/index.php?rest_route=\/wp\/v2\/posts\/4209\/revisions"}],"predecessor-version":[{"id":4210,"href":"http:\/\/www.mcmotylek.cz\/index.php?rest_route=\/wp\/v2\/posts\/4209\/revisions\/4210"}],"wp:attachment":[{"href":"http:\/\/www.mcmotylek.cz\/index.php?rest_route=%2Fwp%2Fv2%2Fmedia&parent=4209"}],"wp:term":[{"taxonomy":"category","embeddable":true,"href":"http:\/\/www.mcmotylek.cz\/index.php?rest_route=%2Fwp%2Fv2%2Fcategories&post=4209"},{"taxonomy":"post_tag","embeddable":true,"href":"http:\/\/www.mcmotylek.cz\/index.php?rest_route=%2Fwp%2Fv2%2Ftags&post=4209"}],"curies":[{"name":"wp","href":"https:\/\/api.w.org\/{rel}","templated":true}]}}