{"id":4213,"date":"2015-06-03T19:25:47","date_gmt":"2015-06-03T18:25:47","guid":{"rendered":"http:\/\/www.mcmotylek.cz\/?p=4213"},"modified":"2015-06-03T19:25:47","modified_gmt":"2015-06-03T18:25:47","slug":"ekovlackem-za-medvedem-9-6-2015","status":"publish","type":"post","link":"http:\/\/www.mcmotylek.cz\/?p=4213","title":{"rendered":"EKOVL\u00c1\u010cKEM ZA MEDV\u011aDEM 9.6.2015"},"content":{"rendered":"<h4>Ahoj kamar\u00e1di!<\/h4>\n<h4>Poje\u010fte s n\u00e1mi na <span style=\"color: #ff0000;\">v\u00fdlet vl\u00e1\u010dkem do Konopi\u0161t\u011b<\/span>. Pozdrav\u00edme medv\u00eddka, n\u011bco si o n\u011bm pov\u00edme\u00a0a p\u011bkn\u00fd v\u00fdlet zakon\u010d\u00edme v restauraci Star\u00e1 Myslivna, kde si m\u016f\u017eeme pochutnat na n\u011bjak\u00e9 dobrot\u011b.<\/h4>\n<h4>Kdy: v \u00fater\u00fd<span style=\"color: #ff0000;\"> 9.6. v<strong> 9 hod<\/strong>.<\/span> &#8211;\u00a0sraz na Masarykov\u011b n\u00e1m\u011bst\u00ed v Bene\u0161ov\u011b u zast\u00e1vky Ekovl\u00e1\u010dku<\/h4>\n<h4>\u00a0<span style=\"color: #ff0000;\">Vl\u00e1\u010dek odj\u00ed\u017ed\u00ed\u00a0v 9:15 hod.<\/span> proto pros\u00edm<strong> p\u0159ij\u010fte v\u010das<\/strong>!<\/h4>\n<h4>\u00a0Zp\u00e1te\u010dn\u00ed cesta je napl\u00e1novan\u00e1 <span style=\"color: #ff0000;\">vl\u00e1\u010dkem v 11:55 hod. z Konopi\u0161t\u011b<\/span>. V Bene\u0161ov\u011b budeme ve 12:18 hod.<\/h4>\n<h4>Samoz\u0159ejm\u011b si ale v\u00fdlet m\u016f\u017eete zpest\u0159it prohl\u00eddkou z\u00e1mku a zp\u00e1te\u010dn\u00ed cestu absolvovat sami.<\/h4>\n<h4>\u00a0T\u011b\u0161\u00edme se na V\u00e1s!<\/h4>\n<h4>\u00a0Kontakt: Denisa \u017d\u00eddkov\u00e1 &#8211; 723 22 82 81<\/h4>\n","protected":false},"excerpt":{"rendered":"<p>Ahoj kamar\u00e1di! Poje\u010fte s n\u00e1mi na v\u00fdlet vl\u00e1\u010dkem do Konopi\u0161t\u011b. Pozdrav\u00edme medv\u00eddka, n\u011bco si o n\u011bm pov\u00edme\u00a0a p\u011bkn\u00fd v\u00fdlet zakon\u010d\u00edme v restauraci Star\u00e1 Myslivna, kde si m\u016f\u017eeme pochutnat na n\u011bjak\u00e9 dobrot\u011b. Kdy: v \u00fater\u00fd 9.6. v 9 hod. &#8211;\u00a0sraz na Masarykov\u011b n\u00e1m\u011bst\u00ed v Bene\u0161ov\u011b u zast\u00e1vky Ekovl\u00e1\u010dku \u00a0Vl\u00e1\u010dek odj\u00ed\u017ed\u00ed\u00a0v 9:15 hod. proto pros\u00edm p\u0159ij\u010fte v\u010das! [&hellip;]<\/p>\n","protected":false},"author":29,"featured_media":0,"comment_status":"open","ping_status":"open","sticky":true,"template":"","format":"standard","meta":{"ngg_post_thumbnail":0},"categories":[37],"tags":[96,95],"post_mailing_queue_ids":[],"_links":{"self":[{"href":"http:\/\/www.mcmotylek.cz\/index.php?rest_route=\/wp\/v2\/posts\/4213"}],"collection":[{"href":"http:\/\/www.mcmotylek.cz\/index.php?rest_route=\/wp\/v2\/posts"}],"about":[{"href":"http:\/\/www.mcmotylek.cz\/index.php?rest_route=\/wp\/v2\/types\/post"}],"author":[{"embeddable":true,"href":"http:\/\/www.mcmotylek.cz\/index.php?rest_route=\/wp\/v2\/users\/29"}],"replies":[{"embeddable":true,"href":"http:\/\/www.mcmotylek.cz\/index.php?rest_route=%2Fwp%2Fv2%2Fcomments&post=4213"}],"version-history":[{"count":1,"href":"http:\/\/www.mcmotylek.cz\/index.php?rest_route=\/wp\/v2\/posts\/4213\/revisions"}],"predecessor-version":[{"id":4214,"href":"http:\/\/www.mcmotylek.cz\/index.php?rest_route=\/wp\/v2\/posts\/4213\/revisions\/4214"}],"wp:attachment":[{"href":"http:\/\/www.mcmotylek.cz\/index.php?rest_route=%2Fwp%2Fv2%2Fmedia&parent=4213"}],"wp:term":[{"taxonomy":"category","embeddable":true,"href":"http:\/\/www.mcmotylek.cz\/index.php?rest_route=%2Fwp%2Fv2%2Fcategories&post=4213"},{"taxonomy":"post_tag","embeddable":true,"href":"http:\/\/www.mcmotylek.cz\/index.php?rest_route=%2Fwp%2Fv2%2Ftags&post=4213"}],"curies":[{"name":"wp","href":"https:\/\/api.w.org\/{rel}","templated":true}]}}