{"id":4393,"date":"2015-10-02T15:15:11","date_gmt":"2015-10-02T14:15:11","guid":{"rendered":"http:\/\/www.mcmotylek.cz\/?p=4393"},"modified":"2015-10-02T15:15:11","modified_gmt":"2015-10-02T14:15:11","slug":"satkovani-ii","status":"publish","type":"post","link":"http:\/\/www.mcmotylek.cz\/?p=4393","title":{"rendered":"\u0160\u00c1TKOV\u00c1N\u00cd II"},"content":{"rendered":"<p align=\"center\"><span style=\"font-size: 300%; color: #000080;\"><b>9.\u0159\u00edjna v 10 hodin<\/b><\/span><\/p>\n<h2 align=\"center\"><span style=\"font-size: large; color: #000080;\"><b>V r\u00e1mci mezin\u00e1rodn\u00edho t\u00fddne no\u0161eni d\u011bt\u00ed 4.-11.10.2015\u00a0<\/b><\/span><span style=\"font-size: large; color: #000080;\"><b>V\u00e1s z<\/b><b><span style=\"color: #000080;\">v<\/span>eme na setk\u00e1n\u00ed <\/b><b>rodi\u010d\u016f, kte\u0159\u00ed nos\u00ed sv\u00e9 d\u011bti v \u0161\u00e1tku nebo nos\u00edtku.<\/b><\/span><\/h2>\n<h2 align=\"center\"><span style=\"font-size: large; color: #000080;\"><b>Budeme si pov\u00eddat, a z\u00e1rove\u0148 si m\u016f\u017eete prohl\u00e9dnout v\u00fdstavu fotografi\u00ed z cel\u00e9ho sv\u011bta na t\u00e9ma no\u0161en\u00ed d\u011bt\u00ed.<\/b><\/span><\/h2>\n<h2 align=\"center\"><span style=\"font-size: large; color: #000080;\"><b>T\u011b\u0161\u00edme se na V\u00e1s v MC MOT\u00ddLEK<\/b><\/span><\/h2>\n<h2 align=\"center\"><span style=\"font-size: large; color: #000080;\"><b>Kontakt: <a style=\"color: #000080;\" href=\"mailto:info@mcmotylek.cz\">info@mcmotylek.cz<\/a>, L\u00edda Klimusov\u00e1 721 140 507<\/b><\/span><\/h2>\n<p align=\"center\"><span style=\"font-size: large; color: #000080;\"><b>Vstupn\u00e9 30 K\u010d, \u010dlenov\u00e9 20 K\u010d<\/b><\/span><\/p>\n","protected":false},"excerpt":{"rendered":"<p>9.\u0159\u00edjna v 10 hodin V r\u00e1mci mezin\u00e1rodn\u00edho t\u00fddne no\u0161eni d\u011bt\u00ed 4.-11.10.2015\u00a0V\u00e1s zveme na setk\u00e1n\u00ed rodi\u010d\u016f, kte\u0159\u00ed nos\u00ed sv\u00e9 d\u011bti v \u0161\u00e1tku nebo nos\u00edtku. Budeme si pov\u00eddat, a z\u00e1rove\u0148 si m\u016f\u017eete prohl\u00e9dnout v\u00fdstavu fotografi\u00ed z cel\u00e9ho sv\u011bta na t\u00e9ma no\u0161en\u00ed d\u011bt\u00ed. T\u011b\u0161\u00edme se na V\u00e1s v MC MOT\u00ddLEK Kontakt: info@mcmotylek.cz, L\u00edda Klimusov\u00e1 721 140 507 Vstupn\u00e9 [&hellip;]<\/p>\n","protected":false},"author":30,"featured_media":0,"comment_status":"open","ping_status":"open","sticky":true,"template":"","format":"standard","meta":{"ngg_post_thumbnail":0},"categories":[37],"tags":[95],"post_mailing_queue_ids":[],"_links":{"self":[{"href":"http:\/\/www.mcmotylek.cz\/index.php?rest_route=\/wp\/v2\/posts\/4393"}],"collection":[{"href":"http:\/\/www.mcmotylek.cz\/index.php?rest_route=\/wp\/v2\/posts"}],"about":[{"href":"http:\/\/www.mcmotylek.cz\/index.php?rest_route=\/wp\/v2\/types\/post"}],"author":[{"embeddable":true,"href":"http:\/\/www.mcmotylek.cz\/index.php?rest_route=\/wp\/v2\/users\/30"}],"replies":[{"embeddable":true,"href":"http:\/\/www.mcmotylek.cz\/index.php?rest_route=%2Fwp%2Fv2%2Fcomments&post=4393"}],"version-history":[{"count":4,"href":"http:\/\/www.mcmotylek.cz\/index.php?rest_route=\/wp\/v2\/posts\/4393\/revisions"}],"predecessor-version":[{"id":4399,"href":"http:\/\/www.mcmotylek.cz\/index.php?rest_route=\/wp\/v2\/posts\/4393\/revisions\/4399"}],"wp:attachment":[{"href":"http:\/\/www.mcmotylek.cz\/index.php?rest_route=%2Fwp%2Fv2%2Fmedia&parent=4393"}],"wp:term":[{"taxonomy":"category","embeddable":true,"href":"http:\/\/www.mcmotylek.cz\/index.php?rest_route=%2Fwp%2Fv2%2Fcategories&post=4393"},{"taxonomy":"post_tag","embeddable":true,"href":"http:\/\/www.mcmotylek.cz\/index.php?rest_route=%2Fwp%2Fv2%2Ftags&post=4393"}],"curies":[{"name":"wp","href":"https:\/\/api.w.org\/{rel}","templated":true}]}}