{"id":4520,"date":"2016-01-25T12:40:00","date_gmt":"2016-01-25T11:40:00","guid":{"rendered":"http:\/\/www.mcmotylek.cz\/?p=4520"},"modified":"2016-01-25T12:43:59","modified_gmt":"2016-01-25T11:43:59","slug":"4520","status":"publish","type":"post","link":"http:\/\/www.mcmotylek.cz\/?p=4520","title":{"rendered":"Baz\u00e1rek Jaro-L\u00e9to 5.3.2016"},"content":{"rendered":"<h1><strong><span style=\"color: #0000ff;\">BAZ\u00c1REK JARO &#8211; L\u00c9TO <\/span><\/strong><\/h1>\n<p><strong><span style=\"color: #0000ff;\">KDY: SOBOTA 5.B\u0158EZNA 2016\u00a0 9.00 &#8211; 12.00 HODIN<\/span><\/strong><\/p>\n<p><strong><span style=\"color: #0000ff;\">KDE: RESPIRIUM 1.stupn\u011b Z\u0160 T\u00fdnec nad S\u00e1zavou<\/span><\/strong><\/p>\n<p><span style=\"color: #ff0000;\"><strong>KA\u017dD\u00dd SI PROD\u00c1V\u00c1 SV\u00c9 ZBO\u017d\u00cd S\u00c1M, PROS\u00cdM VEZM\u011aTE NA V\u011aDOM\u00cd, \u017dE SE JEDN\u00c1 O JARN\u00cd A LETN\u00cd OBLE\u010cEN\u00cd, PROTO ZIMN\u00cd V\u016eBEC NENOSTE DLE ZKU\u0160ENOST\u00cd Z MINUL\u00ddCH LET\u00a0 O N\u011aJ NEBUDE Z\u00c1JEM. M\u016e\u017dETE PROD\u00c1VAT PRAKTICKY COKOLI Z OBLE\u010cEN\u00cd, HRA\u010cEK A POT\u0158EB NA D\u011aTI A MIMINKA, KDO BUDE CHT\u00cdT PRODAT KO\u010c\u00c1REK \u010cI JINOU VELKOU V\u011aC NECH\u0164 NAHL\u00c1S\u00cd P\u0158I REZERVACI M\u00cdSTA. M\u016e\u017dETE SI S SEBOU VZ\u00cdT TAK\u00c9 V\u011a\u0160\u00c1K \u010cI KRABICE, ABY JSTE SI OBLE\u010cEN\u00cd MOHLI CO NEJL\u00c9PE VYSTAVIT. <\/strong><\/span><\/p>\n<p><strong><span style=\"color: #0000ff;\"><span style=\"text-decoration: underline;\">Pokyny pro prod\u00e1vaj\u00edc\u00ed:<\/span> <\/span><\/strong><\/p>\n<p><strong><span style=\"color: #0000ff;\">&#8211; ka\u017ed\u00fd si prod\u00e1v\u00e1 sv\u00e9 zbo\u017e\u00ed s\u00e1m u sv\u00e9ho stole\u010dku<\/span><\/strong><\/p>\n<p><strong><span style=\"color: #0000ff;\">&#8211; cena prodejn\u00edho m\u00edsta je 100,-K\u010d\/baz\u00e1rek splatn\u00e1 na m\u00edst\u011b<\/span><\/strong><\/p>\n<p><strong><span style=\"color: #0000ff;\">&#8211; rezervace prodejn\u00edho m\u00edsta nutn\u00e1 nejpozd\u011bji do 27.2.2016 na <a class=\"linkification-ext\" title=\"Linkification: mailto:info@mcmotylek.cz\" href=\"mailto:info@mcmotylek.cz\">info@mcmotylek.cz<\/a> nebo M.Kr\u00e1sov\u00e1 734\u00a0 126 251<br \/>\n<\/span><\/strong><\/p>\n<p><strong><span style=\"color: #0000ff;\">&#8211; prodej prob\u00edh\u00e1 od 9.00 do 12.00 hodin, pro v\u00e1s je nutn\u00e9 se dostavit d\u0159\u00edve, abyste m\u011bli \u010das si zbo\u017e\u00ed u sv\u00e9ho stole\u010dku vystavit, doporu\u010dujeme p\u0159ij\u00edt ji\u017e po 08.00 hodin\u011b<\/span><\/strong><\/p>\n<p><strong><span style=\"color: #0000ff;\">&#8211; respirium bude otev\u0159eno od 08.00 hodin, ka\u017ed\u00fd bude m\u00edt na prodejn\u00edm stole ji\u017e sv\u00e9 jm\u00e9no na z\u00e1klad\u011b proveden\u00e9 rezervace<\/span><\/strong><\/p>\n<p><span style=\"text-decoration: underline;\"><strong><span style=\"color: #0000ff; text-decoration: underline;\">Pokyny pro nakupuj\u00edc\u00ed:<\/span><\/strong><\/span><\/p>\n<p><strong><span style=\"color: #0000ff;\">P\u0159ij\u010fte kdykoli mezi 09.00 a 12.00 hodin<\/span><\/strong><\/p>\n<p><strong><span style=\"color: #0000ff;\">V p\u0159\u00edpad\u011b dotaz\u016f n\u00e1s kontaktujte na <a class=\"linkification-ext\" title=\"Linkification: mailto:info@mcmotylek.cz\" href=\"mailto:info@mcmotylek.cz\">info@mcmotylek.cz<\/a> nebo M.Kr\u00e1sov\u00e1 734\u00a0 126 251<br \/>\n<\/span><\/strong><\/p>\n","protected":false},"excerpt":{"rendered":"<p>BAZ\u00c1REK JARO &#8211; L\u00c9TO KDY: SOBOTA 5.B\u0158EZNA 2016\u00a0 9.00 &#8211; 12.00 HODIN KDE: RESPIRIUM 1.stupn\u011b Z\u0160 T\u00fdnec nad S\u00e1zavou KA\u017dD\u00dd SI PROD\u00c1V\u00c1 SV\u00c9 ZBO\u017d\u00cd S\u00c1M, PROS\u00cdM VEZM\u011aTE NA V\u011aDOM\u00cd, \u017dE SE JEDN\u00c1 O JARN\u00cd A LETN\u00cd OBLE\u010cEN\u00cd, PROTO ZIMN\u00cd V\u016eBEC NENOSTE DLE ZKU\u0160ENOST\u00cd Z MINUL\u00ddCH LET\u00a0 O N\u011aJ NEBUDE Z\u00c1JEM. M\u016e\u017dETE PROD\u00c1VAT PRAKTICKY COKOLI Z [&hellip;]<\/p>\n","protected":false},"author":29,"featured_media":0,"comment_status":"open","ping_status":"open","sticky":true,"template":"","format":"standard","meta":{"ngg_post_thumbnail":0},"categories":[37],"tags":[122],"post_mailing_queue_ids":[],"_links":{"self":[{"href":"http:\/\/www.mcmotylek.cz\/index.php?rest_route=\/wp\/v2\/posts\/4520"}],"collection":[{"href":"http:\/\/www.mcmotylek.cz\/index.php?rest_route=\/wp\/v2\/posts"}],"about":[{"href":"http:\/\/www.mcmotylek.cz\/index.php?rest_route=\/wp\/v2\/types\/post"}],"author":[{"embeddable":true,"href":"http:\/\/www.mcmotylek.cz\/index.php?rest_route=\/wp\/v2\/users\/29"}],"replies":[{"embeddable":true,"href":"http:\/\/www.mcmotylek.cz\/index.php?rest_route=%2Fwp%2Fv2%2Fcomments&post=4520"}],"version-history":[{"count":2,"href":"http:\/\/www.mcmotylek.cz\/index.php?rest_route=\/wp\/v2\/posts\/4520\/revisions"}],"predecessor-version":[{"id":4522,"href":"http:\/\/www.mcmotylek.cz\/index.php?rest_route=\/wp\/v2\/posts\/4520\/revisions\/4522"}],"wp:attachment":[{"href":"http:\/\/www.mcmotylek.cz\/index.php?rest_route=%2Fwp%2Fv2%2Fmedia&parent=4520"}],"wp:term":[{"taxonomy":"category","embeddable":true,"href":"http:\/\/www.mcmotylek.cz\/index.php?rest_route=%2Fwp%2Fv2%2Fcategories&post=4520"},{"taxonomy":"post_tag","embeddable":true,"href":"http:\/\/www.mcmotylek.cz\/index.php?rest_route=%2Fwp%2Fv2%2Ftags&post=4520"}],"curies":[{"name":"wp","href":"https:\/\/api.w.org\/{rel}","templated":true}]}}