{"id":4531,"date":"2016-02-24T13:37:09","date_gmt":"2016-02-24T12:37:09","guid":{"rendered":"http:\/\/www.mcmotylek.cz\/?p=4531"},"modified":"2016-02-24T13:37:09","modified_gmt":"2016-02-24T12:37:09","slug":"den-pro-maminky-8-3-2016-od-09-00-do-12-00-hodin","status":"publish","type":"post","link":"http:\/\/www.mcmotylek.cz\/?p=4531","title":{"rendered":"DEN PRO MAMINKY 8.3.2016 OD 09.00 DO 12.00 HODIN"},"content":{"rendered":"<p><span style=\"color: #3366ff;\"><strong>Mil\u00e9 maminky, p\u0159ij\u010fte si s n\u00e1mi u\u017e\u00edt b\u00e1je\u010dn\u00fd den jen pro V\u00e1s! Zaslou\u017e\u00edte si ho!!!!<\/strong><\/span><\/p>\n<p><span style=\"color: #993366;\"><strong><span style=\"color: #3366ff;\">T\u011b\u0161\u00ed se na V\u00e1s 2 zku\u0161en\u00e9 kosmeti\u010dky, kter\u00e9 V\u00e1s p\u011bkn\u011b nal\u00ed\u010d\u00ed, manik\u00e9rka, kter\u00e1 V\u00e1m uprav\u00ed nehty profesion\u00e1ln\u00ed fotograf, kter\u00fd V\u00e1m dle z\u00e1jmu ud\u011bl\u00e1 p\u011bkn\u00e9 fotografie<\/span>.<\/strong><\/span><\/p>\n<p><span style=\"color: #ff6600;\"><strong>Co V\u00e1s je\u0161t\u011b \u010dek\u00e1?<\/strong><\/span><br \/>\n<span style=\"color: #ff6600;\"><strong>Dobr\u00e9 rady, p\u0159\u00edjemn\u00e1 spole\u010dnost, uk\u00e1zka a prodej r\u016fzn\u00fdch druh\u016f kosmetiky ,<\/strong><\/span><br \/>\n<span style=\"color: #ff6600;\"><strong>dobr\u00e1 k\u00e1va a sladkost k tomu :o)<\/strong><\/span><br \/>\n<span style=\"color: #ff6600;\"><strong>To v\u0161e dne 8.3.2016 od 9-12 hod. v MC Mot\u00fdlek.<\/strong><\/span><\/p>\n<p><span style=\"color: #3366ff;\"><strong>P\u0159ij\u00edt m\u016f\u017eete i s Va\u0161imi d\u011btmi, o kter\u00e9 bude dob\u0159e postar\u00e1no.<\/strong><\/span><br \/>\n<span style=\"color: #3366ff;\"><strong>MC Mot\u00fdlek se na V\u00e1s u\u017e moc t\u011b\u0161\u00ed!<\/strong><\/span><\/p>\n","protected":false},"excerpt":{"rendered":"<p>Mil\u00e9 maminky, p\u0159ij\u010fte si s n\u00e1mi u\u017e\u00edt b\u00e1je\u010dn\u00fd den jen pro V\u00e1s! Zaslou\u017e\u00edte si ho!!!! T\u011b\u0161\u00ed se na V\u00e1s 2 zku\u0161en\u00e9 kosmeti\u010dky, kter\u00e9 V\u00e1s p\u011bkn\u011b nal\u00ed\u010d\u00ed, manik\u00e9rka, kter\u00e1 V\u00e1m uprav\u00ed nehty profesion\u00e1ln\u00ed fotograf, kter\u00fd V\u00e1m dle z\u00e1jmu ud\u011bl\u00e1 p\u011bkn\u00e9 fotografie. Co V\u00e1s je\u0161t\u011b \u010dek\u00e1? Dobr\u00e9 rady, p\u0159\u00edjemn\u00e1 spole\u010dnost, uk\u00e1zka a prodej r\u016fzn\u00fdch druh\u016f kosmetiky , [&hellip;]<\/p>\n","protected":false},"author":29,"featured_media":0,"comment_status":"open","ping_status":"open","sticky":true,"template":"","format":"standard","meta":{"ngg_post_thumbnail":0},"categories":[37],"tags":[91],"post_mailing_queue_ids":[],"_links":{"self":[{"href":"http:\/\/www.mcmotylek.cz\/index.php?rest_route=\/wp\/v2\/posts\/4531"}],"collection":[{"href":"http:\/\/www.mcmotylek.cz\/index.php?rest_route=\/wp\/v2\/posts"}],"about":[{"href":"http:\/\/www.mcmotylek.cz\/index.php?rest_route=\/wp\/v2\/types\/post"}],"author":[{"embeddable":true,"href":"http:\/\/www.mcmotylek.cz\/index.php?rest_route=\/wp\/v2\/users\/29"}],"replies":[{"embeddable":true,"href":"http:\/\/www.mcmotylek.cz\/index.php?rest_route=%2Fwp%2Fv2%2Fcomments&post=4531"}],"version-history":[{"count":2,"href":"http:\/\/www.mcmotylek.cz\/index.php?rest_route=\/wp\/v2\/posts\/4531\/revisions"}],"predecessor-version":[{"id":4533,"href":"http:\/\/www.mcmotylek.cz\/index.php?rest_route=\/wp\/v2\/posts\/4531\/revisions\/4533"}],"wp:attachment":[{"href":"http:\/\/www.mcmotylek.cz\/index.php?rest_route=%2Fwp%2Fv2%2Fmedia&parent=4531"}],"wp:term":[{"taxonomy":"category","embeddable":true,"href":"http:\/\/www.mcmotylek.cz\/index.php?rest_route=%2Fwp%2Fv2%2Fcategories&post=4531"},{"taxonomy":"post_tag","embeddable":true,"href":"http:\/\/www.mcmotylek.cz\/index.php?rest_route=%2Fwp%2Fv2%2Ftags&post=4531"}],"curies":[{"name":"wp","href":"https:\/\/api.w.org\/{rel}","templated":true}]}}