{"id":4575,"date":"2016-03-28T19:29:51","date_gmt":"2016-03-28T18:29:51","guid":{"rendered":"http:\/\/www.mcmotylek.cz\/?p=4575"},"modified":"2016-09-17T20:01:19","modified_gmt":"2016-09-17T19:01:19","slug":"podpurna-skupina-v-kontaktnim-rodicovstvi-od-5-4-2016","status":"publish","type":"post","link":"http:\/\/www.mcmotylek.cz\/?p=4575","title":{"rendered":"Podp\u016frn\u00e1 skupina v kontaktn\u00edm rodi\u010dovstv\u00ed od 5.4.2016"},"content":{"rendered":"<p><strong><span style=\"color: #000080;\">\u201ePodp\u016frn\u00e1 skupina je d\u016fle\u017eit\u00e9 spole\u010denstv\u00ed, kde se maminky mohou nez\u00e1vazn\u011b sch\u00e1zet a p\u0159ed\u00e1vat si<\/span><\/strong><br \/>\n<strong><span style=\"color: #000080;\">zku\u0161enosti o tom, co mohou d\u011btem d\u00e1t-o kojen\u00ed, o mate\u0159sk\u00e9 n\u00e1ru\u010di a o v\u00fdchov\u011b.\u201c<\/span><\/strong><\/p>\n<p><strong><span style=\"color: #000080;\">KDY: \u00daTER\u00dd 5. DUBNA v 15.30 na t\u00e9ma<\/span><\/strong><\/p>\n<p><strong><span style=\"color: #000080;\">T\u00c9MA: Co je to vlastn\u011b kontaktn\u00ed rodi\u010dovstv\u00ed?<\/span><\/strong><\/p>\n<p><strong><span style=\"color: #000080;\">Kdo m\u016f\u017ee p\u0159ij\u00edt:<\/span><\/strong><br \/>\n<strong><span style=\"color: #000080;\">Budouc\u00ed rodi\u010de, kte\u0159\u00ed maj\u00ed z\u00e1jem o l\u00e1skyplnou v\u00fdchovu a partnerstv\u00ed<\/span><\/strong><br \/>\n<strong><span style=\"color: #000080;\">Novope\u010den\u00ed rodi\u010de, kte\u0159\u00ed pot\u0159ebuj\u00ed tro\u0161ku pomoct v za\u010d\u00e1tc\u00edch<\/span><\/strong><br \/>\n<strong><span style=\"color: #000080;\">Maminky, kter\u00e9 pot\u0159ebuj\u00ed poradit s kojen\u00edm, pla\u010d\u00edc\u00edm miminkem, s \u00fanavou, s p\u0159\u00edkrmy, nebo jen tak se<\/span><\/strong><br \/>\n<strong><span style=\"color: #000080;\">sej\u00edt s podobn\u011b sm\u00fd\u0161lej\u00edc\u00edmi lidmi<\/span><\/strong><br \/>\n<strong><span style=\"color: #000080;\">Babi\u010dky, d\u011bdov\u00e9, tety, str\u00fd\u010dkov\u00e9, kamar\u00e1di a kdokoliv dal\u0161\u00ed, koho to zaj\u00edm\u00e1<\/span><\/strong><br \/>\n<strong><span style=\"color: #000080;\">M\u00e1me z\u00e1jem a chu\u0165 vychov\u00e1vat sv\u00e9 d\u011bti v pohod\u011b s l\u00e1skou a respektem k sob\u011b a d\u011btem<\/span><\/strong><\/p>\n<p><span style=\"text-decoration: underline; color: #ff0000;\"><strong>Setk\u00e1vat se budeme ka\u017ed\u00fdch 14 dn\u00ed<\/strong><\/span><br \/>\n<span style=\"text-decoration: underline; color: #ff0000;\"><strong>Pl\u00e1novan\u00e1 t\u00e9mata:<\/strong><\/span><br \/>\n<span style=\"text-decoration: underline; color: #ff0000;\"><strong>\uf0b7 Kojen\u00ed, pro\u010d se n\u011bkdy neda\u0159\u00ed?<\/strong><\/span><br \/>\n<span style=\"text-decoration: underline; color: #ff0000;\"><strong>\uf0b7 No\u0161en\u00ed d\u011bt\u00ed na t\u011ble-nov\u00fd trend?<\/strong><\/span><br \/>\n<span style=\"text-decoration: underline; color: #ff0000;\"><strong>\uf0b7 L\u00e1tkov\u00e9 plenky ve 21. Stolet\u00ed?<\/strong><\/span><br \/>\n<span style=\"text-decoration: underline; color: #ff0000;\"><strong>\uf0b7 P\u0159\u00edkrmy formou BLW<\/strong><\/span><br \/>\n<span style=\"text-decoration: underline; color: #ff0000;\"><strong>\uf0b7 Chozen\u00ed bosky, aneb BAREFOOT<\/strong><\/span><\/p>\n<p><strong><span style=\"color: #000080;\">Pov\u00edd\u00e1n\u00ed vede L\u00edda Klimusov\u00e1, lektorka no\u0161en\u00ed d\u011bt\u00ed a lakta\u010dn\u00ed poradkyn\u011b<\/span><\/strong><br \/>\n<strong><span style=\"color: #000080;\">Kontakt: info@mcmotylek,\u00a0 721 140 507, klimusova.L@gmail.com<\/span><\/strong><\/p>\n<p>&nbsp;<\/p>\n","protected":false},"excerpt":{"rendered":"<p>\u201ePodp\u016frn\u00e1 skupina je d\u016fle\u017eit\u00e9 spole\u010denstv\u00ed, kde se maminky mohou nez\u00e1vazn\u011b sch\u00e1zet a p\u0159ed\u00e1vat si zku\u0161enosti o tom, co mohou d\u011btem d\u00e1t-o kojen\u00ed, o mate\u0159sk\u00e9 n\u00e1ru\u010di a o v\u00fdchov\u011b.\u201c KDY: \u00daTER\u00dd 5. DUBNA v 15.30 na t\u00e9ma T\u00c9MA: Co je to vlastn\u011b kontaktn\u00ed rodi\u010dovstv\u00ed? Kdo m\u016f\u017ee p\u0159ij\u00edt: Budouc\u00ed rodi\u010de, kte\u0159\u00ed maj\u00ed z\u00e1jem o l\u00e1skyplnou v\u00fdchovu a [&hellip;]<\/p>\n","protected":false},"author":29,"featured_media":0,"comment_status":"open","ping_status":"open","sticky":true,"template":"","format":"standard","meta":{"ngg_post_thumbnail":0},"categories":[37],"tags":[127,128,96],"post_mailing_queue_ids":[],"_links":{"self":[{"href":"http:\/\/www.mcmotylek.cz\/index.php?rest_route=\/wp\/v2\/posts\/4575"}],"collection":[{"href":"http:\/\/www.mcmotylek.cz\/index.php?rest_route=\/wp\/v2\/posts"}],"about":[{"href":"http:\/\/www.mcmotylek.cz\/index.php?rest_route=\/wp\/v2\/types\/post"}],"author":[{"embeddable":true,"href":"http:\/\/www.mcmotylek.cz\/index.php?rest_route=\/wp\/v2\/users\/29"}],"replies":[{"embeddable":true,"href":"http:\/\/www.mcmotylek.cz\/index.php?rest_route=%2Fwp%2Fv2%2Fcomments&post=4575"}],"version-history":[{"count":4,"href":"http:\/\/www.mcmotylek.cz\/index.php?rest_route=\/wp\/v2\/posts\/4575\/revisions"}],"predecessor-version":[{"id":4826,"href":"http:\/\/www.mcmotylek.cz\/index.php?rest_route=\/wp\/v2\/posts\/4575\/revisions\/4826"}],"wp:attachment":[{"href":"http:\/\/www.mcmotylek.cz\/index.php?rest_route=%2Fwp%2Fv2%2Fmedia&parent=4575"}],"wp:term":[{"taxonomy":"category","embeddable":true,"href":"http:\/\/www.mcmotylek.cz\/index.php?rest_route=%2Fwp%2Fv2%2Fcategories&post=4575"},{"taxonomy":"post_tag","embeddable":true,"href":"http:\/\/www.mcmotylek.cz\/index.php?rest_route=%2Fwp%2Fv2%2Ftags&post=4575"}],"curies":[{"name":"wp","href":"https:\/\/api.w.org\/{rel}","templated":true}]}}