{"id":4692,"date":"2016-05-13T13:12:44","date_gmt":"2016-05-13T12:12:44","guid":{"rendered":"http:\/\/www.mcmotylek.cz\/?p=4692"},"modified":"2016-05-13T13:15:20","modified_gmt":"2016-05-13T12:15:20","slug":"den-pro-maminky-fotky-od-fotografa","status":"publish","type":"post","link":"http:\/\/www.mcmotylek.cz\/?p=4692","title":{"rendered":"DEN PRO MAMINKY &#8211; FOTKY OD FOTOGRAFA"},"content":{"rendered":"<p><span style=\"color: #0000ff;\"><strong>Mil\u00e9 maminky,<\/strong><\/span><\/p>\n<p><span style=\"color: #0000ff;\"><strong>m\u00e1me ji\u017e pro v\u00e1s fotky od profesion\u00e1ln\u00edho fotografa, kter\u00fd v\u00e1s fotil, kdo m\u00e1 z\u00e1jem pros\u00edm po\u0161lete n\u00e1m email a odkaz v\u00e1m za\u0161leme&#8230;&#8230;.<\/strong><\/span><\/p>\n<p><span style=\"color: #0000ff;\"><strong>T\u00fdm MC Mot\u00fdlek<\/strong><\/span><\/p>\n","protected":false},"excerpt":{"rendered":"<p>Mil\u00e9 maminky, m\u00e1me ji\u017e pro v\u00e1s fotky od profesion\u00e1ln\u00edho fotografa, kter\u00fd v\u00e1s fotil, kdo m\u00e1 z\u00e1jem pros\u00edm po\u0161lete n\u00e1m email a odkaz v\u00e1m za\u0161leme&#8230;&#8230;. T\u00fdm MC Mot\u00fdlek<\/p>\n","protected":false},"author":29,"featured_media":0,"comment_status":"open","ping_status":"open","sticky":true,"template":"","format":"standard","meta":{"ngg_post_thumbnail":0},"categories":[3],"tags":[],"post_mailing_queue_ids":[],"_links":{"self":[{"href":"http:\/\/www.mcmotylek.cz\/index.php?rest_route=\/wp\/v2\/posts\/4692"}],"collection":[{"href":"http:\/\/www.mcmotylek.cz\/index.php?rest_route=\/wp\/v2\/posts"}],"about":[{"href":"http:\/\/www.mcmotylek.cz\/index.php?rest_route=\/wp\/v2\/types\/post"}],"author":[{"embeddable":true,"href":"http:\/\/www.mcmotylek.cz\/index.php?rest_route=\/wp\/v2\/users\/29"}],"replies":[{"embeddable":true,"href":"http:\/\/www.mcmotylek.cz\/index.php?rest_route=%2Fwp%2Fv2%2Fcomments&post=4692"}],"version-history":[{"count":2,"href":"http:\/\/www.mcmotylek.cz\/index.php?rest_route=\/wp\/v2\/posts\/4692\/revisions"}],"predecessor-version":[{"id":4694,"href":"http:\/\/www.mcmotylek.cz\/index.php?rest_route=\/wp\/v2\/posts\/4692\/revisions\/4694"}],"wp:attachment":[{"href":"http:\/\/www.mcmotylek.cz\/index.php?rest_route=%2Fwp%2Fv2%2Fmedia&parent=4692"}],"wp:term":[{"taxonomy":"category","embeddable":true,"href":"http:\/\/www.mcmotylek.cz\/index.php?rest_route=%2Fwp%2Fv2%2Fcategories&post=4692"},{"taxonomy":"post_tag","embeddable":true,"href":"http:\/\/www.mcmotylek.cz\/index.php?rest_route=%2Fwp%2Fv2%2Ftags&post=4692"}],"curies":[{"name":"wp","href":"https:\/\/api.w.org\/{rel}","templated":true}]}}