{"id":4971,"date":"2016-10-26T19:00:35","date_gmt":"2016-10-26T18:00:35","guid":{"rendered":"http:\/\/www.mcmotylek.cz\/?p=4971"},"modified":"2016-10-19T19:55:16","modified_gmt":"2016-10-19T18:55:16","slug":"halloweenske-tvoreni","status":"publish","type":"post","link":"http:\/\/www.mcmotylek.cz\/?p=4971","title":{"rendered":"HALLOWEENSK\u00c9 TVO\u0158EN\u00cd"},"content":{"rendered":"<h2><span style=\"color: #ff0000;\">Ve st\u0159edu 16. listopadu<img loading=\"lazy\" class=\" wp-image-4972 alignright\" src=\"http:\/\/www.mcmotylek.cz\/wp-content\/uploads\/2016\/10\/halloween01-150x150.png\" alt=\"halloween01\" width=\"60\" height=\"60\" srcset=\"http:\/\/www.mcmotylek.cz\/wp-content\/uploads\/2016\/10\/halloween01-150x150.png 150w, http:\/\/www.mcmotylek.cz\/wp-content\/uploads\/2016\/10\/halloween01-300x300.png 300w, http:\/\/www.mcmotylek.cz\/wp-content\/uploads\/2016\/10\/halloween01.png 500w\" sizes=\"(max-width: 60px) 100vw, 60px\" \/> <\/span><\/h2>\n<h2><span style=\"color: #ff0000;\">\u00a0od 16.00<\/span><\/h2>\n<div><\/div>\n<div><img loading=\"lazy\" class=\" wp-image-4973 alignleft\" src=\"http:\/\/www.mcmotylek.cz\/wp-content\/uploads\/2016\/10\/images-150x150.png\" alt=\"images\" width=\"69\" height=\"69\" \/>Poj\u010fte si s n\u00e1mi vyzdobit d\u00fdn\u011b, vyr\u00e1b\u011bt duchy a u\u017e\u00edt si kr\u00e1sn\u00e9 listopadov\u00e9 odpoledne s d\u011btmi tvo\u0159en\u00edm v Mot\u00fdlku.<br \/>\nPro d\u011bti budou p\u0159ipraveny dom\u00e1c\u00ed su\u0161enky a pro maminky n\u011bco tepl\u00e9ho na zah\u0159\u00e1t\u00ed.<br \/>\nV\u00fdrobky si budete moci odn\u00e9st dom\u016f.<\/div>\n<div><\/div>\n<div><span style=\"color: #ff0000;\"><b>P\u0159\u00edsp\u011bvek na akci: 50 K\u010d, \u010dlenov\u00e9 MC 40K\u010d<\/b><\/span><\/div>\n<div><\/div>\n<div><\/div>\n<div style=\"text-align: right;\">Kontakt: <span style=\"color: #0000ff;\">Eli\u0161ka Brejlov\u00e1 725 760 060<\/span><\/div>\n","protected":false},"excerpt":{"rendered":"<p>Ve st\u0159edu 16. listopadu \u00a0od 16.00 Poj\u010fte si s n\u00e1mi vyzdobit d\u00fdn\u011b, vyr\u00e1b\u011bt duchy a u\u017e\u00edt si kr\u00e1sn\u00e9 listopadov\u00e9 odpoledne s d\u011btmi tvo\u0159en\u00edm v Mot\u00fdlku. Pro d\u011bti budou p\u0159ipraveny dom\u00e1c\u00ed su\u0161enky a pro maminky n\u011bco tepl\u00e9ho na zah\u0159\u00e1t\u00ed. V\u00fdrobky si budete moci odn\u00e9st dom\u016f. P\u0159\u00edsp\u011bvek na akci: 50 K\u010d, \u010dlenov\u00e9 MC 40K\u010d Kontakt: Eli\u0161ka Brejlov\u00e1 [&hellip;]<\/p>\n","protected":false},"author":31,"featured_media":0,"comment_status":"open","ping_status":"open","sticky":true,"template":"","format":"standard","meta":{"ngg_post_thumbnail":0},"categories":[3,1],"tags":[],"post_mailing_queue_ids":[],"_links":{"self":[{"href":"http:\/\/www.mcmotylek.cz\/index.php?rest_route=\/wp\/v2\/posts\/4971"}],"collection":[{"href":"http:\/\/www.mcmotylek.cz\/index.php?rest_route=\/wp\/v2\/posts"}],"about":[{"href":"http:\/\/www.mcmotylek.cz\/index.php?rest_route=\/wp\/v2\/types\/post"}],"author":[{"embeddable":true,"href":"http:\/\/www.mcmotylek.cz\/index.php?rest_route=\/wp\/v2\/users\/31"}],"replies":[{"embeddable":true,"href":"http:\/\/www.mcmotylek.cz\/index.php?rest_route=%2Fwp%2Fv2%2Fcomments&post=4971"}],"version-history":[{"count":7,"href":"http:\/\/www.mcmotylek.cz\/index.php?rest_route=\/wp\/v2\/posts\/4971\/revisions"}],"predecessor-version":[{"id":4986,"href":"http:\/\/www.mcmotylek.cz\/index.php?rest_route=\/wp\/v2\/posts\/4971\/revisions\/4986"}],"wp:attachment":[{"href":"http:\/\/www.mcmotylek.cz\/index.php?rest_route=%2Fwp%2Fv2%2Fmedia&parent=4971"}],"wp:term":[{"taxonomy":"category","embeddable":true,"href":"http:\/\/www.mcmotylek.cz\/index.php?rest_route=%2Fwp%2Fv2%2Fcategories&post=4971"},{"taxonomy":"post_tag","embeddable":true,"href":"http:\/\/www.mcmotylek.cz\/index.php?rest_route=%2Fwp%2Fv2%2Ftags&post=4971"}],"curies":[{"name":"wp","href":"https:\/\/api.w.org\/{rel}","templated":true}]}}