{"id":5215,"date":"2017-02-17T09:00:18","date_gmt":"2017-02-17T08:00:18","guid":{"rendered":"http:\/\/www.mcmotylek.cz\/?p=5215"},"modified":"2017-02-17T09:00:27","modified_gmt":"2017-02-17T08:00:27","slug":"zpivanky-a-rikanky","status":"publish","type":"post","link":"http:\/\/www.mcmotylek.cz\/?p=5215","title":{"rendered":"ZP\u00cdV\u00c1NKY A \u0158\u00cdK\u00c1NKY"},"content":{"rendered":"<p>V\u00e1\u017een\u00ed rodi\u010de,<\/p>\n<p>Zde jsou dv\u011b sl\u00edben\u00e9 b\u00e1sni\u010dky.<\/p>\n<p><span style=\"color: #000080;\"><span style=\"font-size: large;\"><u><b>Je\u017eek Bodlina<\/b><\/u><\/span><\/span><\/p>\n<p><span style=\"color: #000080;\"><span style=\"font-size: large;\">Jednou r\u00e1no z Kol\u00edna, <\/span><\/span><\/p>\n<p><span style=\"color: #000080;\"><span style=\"font-size: large;\">vy\u0161el je\u017eek Bodlina.<\/span><\/span><\/p>\n<p><span style=\"color: #000080;\"><span style=\"font-size: large;\">Na z\u00e1dech m\u011bl ranec t\u011b\u017ek\u00fd<\/span><\/span><\/p>\n<p><span style=\"color: #000080;\"><span style=\"font-size: large;\">a v n\u011bm \u010dty\u0159i mal\u00e9 je\u017eky.<\/span><\/span><\/p>\n<p><span style=\"color: #000080;\"><span style=\"font-size: large;\">Za t\u00fdden do\u0161el p\u011b\u0161ky<\/span><\/span><\/p>\n<p><span style=\"color: #000080;\"><span style=\"font-size: large;\">a\u017e na vrchol hory Sn\u011b\u017eky.<\/span><\/span><\/p>\n<p><span style=\"color: #000080;\"><span style=\"font-size: large;\">Tam se p\u011bkn\u011b posadil, <\/span><\/span><\/p>\n<p><span style=\"color: #000080;\"><span style=\"font-size: large;\">sundal ranec, rozbalil,<\/span><\/span><\/p>\n<p><span style=\"color: #000080;\"><span style=\"font-size: large;\">vyndal z n\u011bho mal\u00e9 je\u017eky<\/span><\/span><\/p>\n<p><span style=\"color: #000080;\"><span style=\"font-size: large;\">a \u0159ekl jim: B\u011b\u017ete p\u011b\u0161ky!<\/span><\/span><\/p>\n<p><span style=\"color: #000080;\"><span style=\"font-size: large;\">To nezn\u00e1te mal\u00e9 je\u017eky,<\/span><\/span><\/p>\n<p><span style=\"color: #000080;\"><span style=\"font-size: large;\">zeptali se jenom kudy<br \/>\na v\u00e1leli dol\u016f sudy.<\/span><\/span><\/p>\n<p><span style=\"color: #000080;\"><span style=\"font-size: large;\">P\u0159ed branami Kol\u00edna<\/span><\/span><\/p>\n<p><span style=\"color: #000080;\"><span style=\"font-size: large;\">byli d\u0159\u00edv ne\u017e Bodlina.<\/span><\/span><\/p>\n<p>&nbsp;<\/p>\n<p style=\"text-align: left; padding-left: 150px;\"><span style=\"color: #663300;\"><span style=\"font-size: large;\"><u><b>Brambora<\/b><\/u><\/span><\/span><\/p>\n<p style=\"text-align: left; padding-left: 150px;\"><span style=\"color: #663300;\"><span style=\"font-size: large;\">Koulela se ze dvora<\/span><\/span><\/p>\n<p style=\"text-align: left; padding-left: 150px;\"><span style=\"color: #663300;\"><span style=\"font-size: large;\">v\u00e9lik\u00e1nsk\u00e1 brambora.<\/span><\/span><\/p>\n<p style=\"text-align: left; padding-left: 150px;\"><span style=\"color: #663300;\"><span style=\"font-size: large;\">Nevid\u011bla, nesly\u0161ela,<\/span><\/span><\/p>\n<p style=\"text-align: left; padding-left: 150px;\"><span style=\"color: #663300;\"><span style=\"font-size: large;\">\u017ee odn\u011bkud zeshora<\/span><\/span><\/p>\n<p style=\"text-align: left; padding-left: 150px;\"><span style=\"color: #663300;\"><span style=\"font-size: large;\">pad\u00e1 na ni z\u00e1vora.<\/span><\/span><\/p>\n<p style=\"text-align: left; padding-left: 150px;\"><span style=\"color: #663300;\"><span style=\"font-size: large;\">Kam kouk\u00e1\u0161, ty z\u00e1voro?<\/span><\/span><\/p>\n<p style=\"text-align: left; padding-left: 150px;\"><span style=\"color: #663300;\"><span style=\"font-size: large;\">Na tebe, ty bramboro.<\/span><\/span><\/p>\n<p style=\"text-align: left; padding-left: 150px;\"><span style=\"color: #663300;\"><span style=\"font-size: large;\">Kdyby tudy projel vlak,<\/span><\/span><\/p>\n<p style=\"text-align: left; padding-left: 150px;\"><span style=\"color: #663300;\"><span style=\"font-size: large;\">byl by z tebe brambor\u00e1k.<\/span><\/span><\/p>\n<p style=\"text-align: center;\">A zde si je m\u016f\u017eete st\u00e1hnout a vytisknout.<a class=\"download-link\" title=\"\n\t\" href=\"http:\/\/www.mcmotylek.cz?download=5217&#038;tmstv=1777588684\" rel=\"nofollow\">\n\tb\u00e1sni\u010dky.pdf\t(sta\u017eeno 648\u00d7 )\n<\/a>\n\n","protected":false},"excerpt":{"rendered":"<p>V\u00e1\u017een\u00ed rodi\u010de, Zde jsou dv\u011b sl\u00edben\u00e9 b\u00e1sni\u010dky. Je\u017eek Bodlina Jednou r\u00e1no z Kol\u00edna, vy\u0161el je\u017eek Bodlina. Na z\u00e1dech m\u011bl ranec t\u011b\u017ek\u00fd a v n\u011bm \u010dty\u0159i mal\u00e9 je\u017eky. Za t\u00fdden do\u0161el p\u011b\u0161ky a\u017e na vrchol hory Sn\u011b\u017eky. Tam se p\u011bkn\u011b posadil, sundal ranec, rozbalil, vyndal z n\u011bho mal\u00e9 je\u017eky a \u0159ekl jim: B\u011b\u017ete p\u011b\u0161ky! To nezn\u00e1te [&hellip;]<\/p>\n","protected":false},"author":31,"featured_media":0,"comment_status":"open","ping_status":"open","sticky":true,"template":"","format":"standard","meta":{"ngg_post_thumbnail":0},"categories":[1],"tags":[131],"post_mailing_queue_ids":[],"_links":{"self":[{"href":"http:\/\/www.mcmotylek.cz\/index.php?rest_route=\/wp\/v2\/posts\/5215"}],"collection":[{"href":"http:\/\/www.mcmotylek.cz\/index.php?rest_route=\/wp\/v2\/posts"}],"about":[{"href":"http:\/\/www.mcmotylek.cz\/index.php?rest_route=\/wp\/v2\/types\/post"}],"author":[{"embeddable":true,"href":"http:\/\/www.mcmotylek.cz\/index.php?rest_route=\/wp\/v2\/users\/31"}],"replies":[{"embeddable":true,"href":"http:\/\/www.mcmotylek.cz\/index.php?rest_route=%2Fwp%2Fv2%2Fcomments&post=5215"}],"version-history":[{"count":6,"href":"http:\/\/www.mcmotylek.cz\/index.php?rest_route=\/wp\/v2\/posts\/5215\/revisions"}],"predecessor-version":[{"id":5223,"href":"http:\/\/www.mcmotylek.cz\/index.php?rest_route=\/wp\/v2\/posts\/5215\/revisions\/5223"}],"wp:attachment":[{"href":"http:\/\/www.mcmotylek.cz\/index.php?rest_route=%2Fwp%2Fv2%2Fmedia&parent=5215"}],"wp:term":[{"taxonomy":"category","embeddable":true,"href":"http:\/\/www.mcmotylek.cz\/index.php?rest_route=%2Fwp%2Fv2%2Fcategories&post=5215"},{"taxonomy":"post_tag","embeddable":true,"href":"http:\/\/www.mcmotylek.cz\/index.php?rest_route=%2Fwp%2Fv2%2Ftags&post=5215"}],"curies":[{"name":"wp","href":"https:\/\/api.w.org\/{rel}","templated":true}]}}