{"id":5246,"date":"2017-02-23T11:56:05","date_gmt":"2017-02-23T10:56:05","guid":{"rendered":"http:\/\/www.mcmotylek.cz\/?p=5246"},"modified":"2017-02-27T09:11:20","modified_gmt":"2017-02-27T08:11:20","slug":"bazarek-jaro-leto-zmena-terminu-konani-na-25-3-2017","status":"publish","type":"post","link":"http:\/\/www.mcmotylek.cz\/?p=5246","title":{"rendered":"BAZ\u00c1REK JARO L\u00c9TO ZM\u011aNA TERM\u00cdNU KON\u00c1N\u00cd NA 25.3.2017"},"content":{"rendered":"<h1><span style=\"color: #ff0000;\">POZOR POZOR ZM\u011aNA TERM\u00cdNU KON\u00c1N\u00cd!!!!!<\/span><\/h1>\n<h1><span style=\"color: #ff0000;\"><strong>BAZ\u00c1REK JARO-L\u00c9TO<\/strong><\/span><\/h1>\n<h2><span style=\"color: #0000ff;\"><strong><span style=\"color: #ff0000;\">KDY: SOBOTA 25.B\u0158EZNA<\/span> <\/strong><\/span><\/h2>\n<p><span style=\"color: #0000ff;\"><strong>\u00a09.00 \u2013 12.00 HODIN<\/strong><\/span><\/p>\n<p><strong><span style=\"color: #0000ff;\">KDE: Prostory MC Mot\u00fdlek <\/span><br \/>\n<span style=\"color: #0000ff;\">Okru\u017en\u00ed 520<\/span><br \/>\n<\/strong><\/p>\n<p><strong><span style=\"color: #ff0000;\">KA\u017dD\u00dd SI PROD\u00c1V\u00c1 SV\u00c9 ZBO\u017d\u00cd S\u00c1M, PROS\u00cdM VEZM\u011aTE NA V\u011aDOM\u00cd, \u017dE SE JEDN\u00c1 O JARN\u00cd A\u00a0LETN\u00cd OBLE\u010cEN\u00cd, PROTO\u00a0ZIMN\u00cd V\u016eBEC NENOSTE, DLE ZKU\u0160ENOST\u00cd Z MINUL\u00ddCH LET\u00a0 O N\u011aJ NEBUDE Z\u00c1JEM. M\u016e\u017dETE PROD\u00c1VAT PRAKTICKY COKOLI Z OBLE\u010cEN\u00cd, HRA\u010cEK A POT\u0158EB NA D\u011aTI A MIMINKA, KDO BUDE CHT\u00cdT PRODAT KO\u010c\u00c1REK \u010cI JINOU VELKOU V\u011aC NECH\u0164 NAHL\u00c1S\u00cd P\u0158I REZERVACI M\u00cdSTA. M\u016e\u017dETE SI S SEBOU VZ\u00cdT TAK\u00c9 V\u011a\u0160\u00c1K \u010cI KRABICE, ABY JSTE SI OBLE\u010cEN\u00cd MOHLI CO NEJL\u00c9PE VYSTAVIT.<\/span> <\/strong><\/p>\n<p><strong><span style=\"color: #800000;\">Pokyny pro prod\u00e1vaj\u00edc\u00ed:<\/span> <\/strong><\/p>\n<p><strong>\u2013 ka\u017ed\u00fd si prod\u00e1v\u00e1 sv\u00e9 zbo\u017e\u00ed s\u00e1m u sv\u00e9ho stole\u010dku<\/strong><\/p>\n<p><strong>\u2013 cena prodejn\u00edho m\u00edsta je 100,-K\u010d\/baz\u00e1rek splatn\u00e1 na m\u00edst\u011b<\/strong><\/p>\n<p><strong>\u2013 rezervace prodejn\u00edho m\u00edsta nutn\u00e1 na <a class=\"linkification-ext\" title=\"Linkification: mailto:info@mcmotylek.cz\" href=\"mailto:info@mcmotylek.cz\">info@mcmotylek.cz<\/a> nebo K.Pikousov\u00e1 602 633 410<\/strong><\/p>\n<p><strong>\u2013 prodej prob\u00edh\u00e1 od 9.00 do 12.00 hodin, pro v\u00e1s je nutn\u00e9 se dostavit d\u0159\u00edve, abyste m\u011bli \u010das si zbo\u017e\u00ed u sv\u00e9ho stole\u010dku vystavit, doporu\u010dujeme p\u0159ij\u00edt ji\u017e po 08.00 hodin\u011b<\/strong><\/p>\n<p><strong>\u2013 MC Mot\u00fdlek bude otev\u0159en od 08.00 hodin, ka\u017ed\u00fd bude m\u00edt na prodejn\u00edm stole ji\u017e sv\u00e9 jm\u00e9no na z\u00e1klad\u011b proveden\u00e9 rezervace<\/strong><\/p>\n<p><span style=\"color: #800000;\"><strong>Pokyny pro nakupuj\u00edc\u00ed:<\/strong><\/span><\/p>\n<p><strong>P\u0159ij\u010fte kdykoli mezi 09.00 a 12.00 hodin<\/strong><\/p>\n<p><strong>V p\u0159\u00edpad\u011b dotaz\u016f n\u00e1s kontaktujte na <a class=\"linkification-ext\" title=\"Linkification: mailto:info@mcmotylek.cz\" href=\"mailto:info@mcmotylek.cz\">info@mcmotylek.cz<\/a> nebo K.Pikousov\u00e1 602 633 410<\/strong><\/p>\n","protected":false},"excerpt":{"rendered":"<p>POZOR POZOR ZM\u011aNA TERM\u00cdNU KON\u00c1N\u00cd!!!!! BAZ\u00c1REK JARO-L\u00c9TO KDY: SOBOTA 25.B\u0158EZNA \u00a09.00 \u2013 12.00 HODIN KDE: Prostory MC Mot\u00fdlek Okru\u017en\u00ed 520 KA\u017dD\u00dd SI PROD\u00c1V\u00c1 SV\u00c9 ZBO\u017d\u00cd S\u00c1M, PROS\u00cdM VEZM\u011aTE NA V\u011aDOM\u00cd, \u017dE SE JEDN\u00c1 O JARN\u00cd A\u00a0LETN\u00cd OBLE\u010cEN\u00cd, PROTO\u00a0ZIMN\u00cd V\u016eBEC NENOSTE, DLE ZKU\u0160ENOST\u00cd Z MINUL\u00ddCH LET\u00a0 O N\u011aJ NEBUDE Z\u00c1JEM. M\u016e\u017dETE PROD\u00c1VAT PRAKTICKY COKOLI Z OBLE\u010cEN\u00cd, [&hellip;]<\/p>\n","protected":false},"author":29,"featured_media":0,"comment_status":"open","ping_status":"open","sticky":true,"template":"","format":"standard","meta":{"ngg_post_thumbnail":0},"categories":[3,37],"tags":[122],"post_mailing_queue_ids":[],"_links":{"self":[{"href":"http:\/\/www.mcmotylek.cz\/index.php?rest_route=\/wp\/v2\/posts\/5246"}],"collection":[{"href":"http:\/\/www.mcmotylek.cz\/index.php?rest_route=\/wp\/v2\/posts"}],"about":[{"href":"http:\/\/www.mcmotylek.cz\/index.php?rest_route=\/wp\/v2\/types\/post"}],"author":[{"embeddable":true,"href":"http:\/\/www.mcmotylek.cz\/index.php?rest_route=\/wp\/v2\/users\/29"}],"replies":[{"embeddable":true,"href":"http:\/\/www.mcmotylek.cz\/index.php?rest_route=%2Fwp%2Fv2%2Fcomments&post=5246"}],"version-history":[{"count":2,"href":"http:\/\/www.mcmotylek.cz\/index.php?rest_route=\/wp\/v2\/posts\/5246\/revisions"}],"predecessor-version":[{"id":5257,"href":"http:\/\/www.mcmotylek.cz\/index.php?rest_route=\/wp\/v2\/posts\/5246\/revisions\/5257"}],"wp:attachment":[{"href":"http:\/\/www.mcmotylek.cz\/index.php?rest_route=%2Fwp%2Fv2%2Fmedia&parent=5246"}],"wp:term":[{"taxonomy":"category","embeddable":true,"href":"http:\/\/www.mcmotylek.cz\/index.php?rest_route=%2Fwp%2Fv2%2Fcategories&post=5246"},{"taxonomy":"post_tag","embeddable":true,"href":"http:\/\/www.mcmotylek.cz\/index.php?rest_route=%2Fwp%2Fv2%2Ftags&post=5246"}],"curies":[{"name":"wp","href":"https:\/\/api.w.org\/{rel}","templated":true}]}}