{"id":5267,"date":"2017-03-02T11:23:46","date_gmt":"2017-03-02T10:23:46","guid":{"rendered":"http:\/\/www.mcmotylek.cz\/?p=5267"},"modified":"2017-03-02T11:23:46","modified_gmt":"2017-03-02T10:23:46","slug":"hlidacek-v-motylku-od-27-3-2017","status":"publish","type":"post","link":"http:\/\/www.mcmotylek.cz\/?p=5267","title":{"rendered":"HL\u00cdD\u00c1\u010cEK V MOT\u00ddLKU od 27.3.2017"},"content":{"rendered":"<h1><strong>HL\u00cdD\u00c1\u010cEK V MOT\u00ddLKU\u00a0\u00a0\u00a0\u00a0<\/strong><\/h1>\n<p><span style=\"color: #0000ff;\"><strong><span style=\"color: #ff0000;\">Hl\u00edd\u00e1\u010dek je klub pro d\u011bti bez maminek<\/span>, o va\u0161e d\u011bti se budou starat v\u017edy dv\u011b lektorky. D\u011bti n\u00e1m p\u0159ivedete a my se o n\u011b dob\u0159e postar\u00e1me. D\u011bti jsou b\u011bhem pobytu u n\u00e1s poji\u0161t\u011bny. <\/strong><\/span><br \/>\n<span style=\"color: #0000ff;\"><strong>Vhodn\u00e9 pro d\u011bti od 2 do 5 let. <\/strong><\/span><\/p>\n<p><span style=\"color: #0000ff;\"><strong>Hl\u00edd\u00e1\u010dek je vhodn\u00fd zvl\u00e1\u0161t\u011b pro d\u011bti, kter\u00e9 se pot\u0159ebuj\u00ed nau\u010dit adaptaci v d\u011btsk\u00e9m kolektivu. <\/strong><\/span><br \/>\n<span style=\"color: #0000ff;\"><strong>Lektorky jsou Eli\u0161ka Brejlov\u00e1, Katka Pikousov\u00e1, M\u00ed\u0161a Kr\u00e1sov\u00e1 a L\u00edda Klimusov\u00e1. <\/strong><\/span><br \/>\n<span style=\"color: #0000ff;\"><strong>D\u011bti u n\u00e1s str\u00e1v\u00ed prvn\u00ed \u010das bez maminky a nau\u010d\u00ed se hr\u00e1t si s ostatn\u00edmi d\u011btmi bez maminky. <\/strong><\/span><\/p>\n<p><span style=\"color: #ff0000;\"><strong>KDY: KA\u017dD\u00c9 POND\u011aL\u00cd OD 8.30 DO 12.00\u00a0 HODIN\u00a0\u00a0 <\/strong><\/span><br \/>\n<span style=\"color: #ff0000;\"><strong>KDE: HERNA MC MOT\u00ddLEK\u00a0\u00a0\u00a0\u00a0\u00a0 <\/strong><\/span><br \/>\n<span style=\"color: #ff0000;\"><strong>PROGRAM:\u00a0\u00a0\u00a0\u00a0\u00a0\u00a0\u00a0 <\/strong><\/span><br \/>\n<span style=\"color: #ff0000;\"><strong>8. 30 \u2013 9.00 P\u0159\u00edchod d\u011bt\u00ed \u2013 voln\u00e1 hra <\/strong><\/span><br \/>\n<span style=\"color: #ff0000;\"><strong>9.00 \u2013 10.00 \u0158\u00edzen\u00e1 \u010dinnost \u2013 p\u0159iv\u00edt\u00e1n\u00ed, rozcvi\u010dka s hudbou, pohybov\u00e9 hry, v\u00fdtvarn\u00e1 \u010dinnost <\/strong><\/span><br \/>\n<span style=\"color: #ff0000;\"><strong>10.00 \u2013 10.30 Sva\u010dina <\/strong><\/span><br \/>\n<span style=\"color: #ff0000;\"><strong>10.30 \u2013 11.30 \u0158\u00edzen\u00e1 \u010dinnost \u2013v\u00fdukov\u00e9 aktivity na procvi\u010den\u00ed motoriky,koordinace, proci\u010dov\u00e1n\u00ed tvar\u016f,barev, zv\u00ed\u0159at, v\u00fdtvarn\u00e1 \u010dinnost, poh\u00e1dka <\/strong><\/span><br \/>\n<span style=\"color: #ff0000;\"><strong>11.30 \u2013 12.00 \u00daklid herny, odchod d\u011bt\u00ed <\/strong><\/span><\/p>\n<p><span style=\"color: #0000ff;\"><strong>Co s sebou: pit\u00ed, sva\u010dinku, vypln\u011bnou p\u0159ihl\u00e1\u0161ku (k dispozici na m\u00edst\u011b) <\/strong><\/span><\/p>\n<p><span style=\"color: #0000ff;\"><strong>Cena: 200,- K\u010d <\/strong><\/span><\/p>\n<p><span style=\"color: #ff0000;\"><strong>Nutn\u00e9 p\u0159ihl\u00e1\u0161en\u00ed p\u0159edem v\u017edy do p\u00e1tku p\u0159edch\u00e1zej\u00edc\u00ed hl\u00edd\u00e1\u010dku. Minim\u00e1ln\u00ed po\u010det d\u011bt\u00ed pro fungov\u00e1n\u00ed hl\u00edd\u00e1\u010dku je v\u017edy 4.\u00a0 <\/strong><\/span><br \/>\n<span style=\"color: #ff0000;\"><strong>Podrobn\u011bj\u0161\u00ed informace najdete na www.mcmotylek.cz nebo na facebooku motylek.tynec.<\/strong> <\/span><\/p>\n<p>&nbsp;<\/p>\n","protected":false},"excerpt":{"rendered":"<p>HL\u00cdD\u00c1\u010cEK V MOT\u00ddLKU\u00a0\u00a0\u00a0\u00a0 Hl\u00edd\u00e1\u010dek je klub pro d\u011bti bez maminek, o va\u0161e d\u011bti se budou starat v\u017edy dv\u011b lektorky. D\u011bti n\u00e1m p\u0159ivedete a my se o n\u011b dob\u0159e postar\u00e1me. D\u011bti jsou b\u011bhem pobytu u n\u00e1s poji\u0161t\u011bny. Vhodn\u00e9 pro d\u011bti od 2 do 5 let. Hl\u00edd\u00e1\u010dek je vhodn\u00fd zvl\u00e1\u0161t\u011b pro d\u011bti, kter\u00e9 se pot\u0159ebuj\u00ed nau\u010dit adaptaci [&hellip;]<\/p>\n","protected":false},"author":29,"featured_media":0,"comment_status":"open","ping_status":"open","sticky":true,"template":"","format":"standard","meta":{"ngg_post_thumbnail":0},"categories":[35,37],"tags":[96],"post_mailing_queue_ids":[],"_links":{"self":[{"href":"http:\/\/www.mcmotylek.cz\/index.php?rest_route=\/wp\/v2\/posts\/5267"}],"collection":[{"href":"http:\/\/www.mcmotylek.cz\/index.php?rest_route=\/wp\/v2\/posts"}],"about":[{"href":"http:\/\/www.mcmotylek.cz\/index.php?rest_route=\/wp\/v2\/types\/post"}],"author":[{"embeddable":true,"href":"http:\/\/www.mcmotylek.cz\/index.php?rest_route=\/wp\/v2\/users\/29"}],"replies":[{"embeddable":true,"href":"http:\/\/www.mcmotylek.cz\/index.php?rest_route=%2Fwp%2Fv2%2Fcomments&post=5267"}],"version-history":[{"count":2,"href":"http:\/\/www.mcmotylek.cz\/index.php?rest_route=\/wp\/v2\/posts\/5267\/revisions"}],"predecessor-version":[{"id":5269,"href":"http:\/\/www.mcmotylek.cz\/index.php?rest_route=\/wp\/v2\/posts\/5267\/revisions\/5269"}],"wp:attachment":[{"href":"http:\/\/www.mcmotylek.cz\/index.php?rest_route=%2Fwp%2Fv2%2Fmedia&parent=5267"}],"wp:term":[{"taxonomy":"category","embeddable":true,"href":"http:\/\/www.mcmotylek.cz\/index.php?rest_route=%2Fwp%2Fv2%2Fcategories&post=5267"},{"taxonomy":"post_tag","embeddable":true,"href":"http:\/\/www.mcmotylek.cz\/index.php?rest_route=%2Fwp%2Fv2%2Ftags&post=5267"}],"curies":[{"name":"wp","href":"https:\/\/api.w.org\/{rel}","templated":true}]}}