{"id":5300,"date":"2017-04-04T22:46:09","date_gmt":"2017-04-04T21:46:09","guid":{"rendered":"http:\/\/www.mcmotylek.cz\/?p=5300"},"modified":"2017-04-04T22:46:09","modified_gmt":"2017-04-04T21:46:09","slug":"velikonoce-v-motylku","status":"publish","type":"post","link":"http:\/\/www.mcmotylek.cz\/?p=5300","title":{"rendered":"VELIKONOCE v Mot\u00fdlku"},"content":{"rendered":"<p>&nbsp;<\/p>\n<p><span style=\"color: #ff00ff;\"><span style=\"font-family: Calibri,sans-serif;\"><span style=\"font-size: medium;\"><b><i>JSOU TU ZASE PO ROCE JARN\u00cd SV\u00c1TKY VELIKONOCE<\/i><\/b><span style=\"font-family: Calibri,sans-serif;\"><span style=\"font-size: medium;\"><img loading=\"lazy\" class=\"size-full wp-image-5309 alignleft\" src=\"http:\/\/www.mcmotylek.cz\/wp-content\/uploads\/2017\/04\/79cs_16.gif\" alt=\"79cs_16\" width=\"265\" height=\"99\" \/><\/span><\/span><\/span><\/span><\/span><\/p>\n<p><span style=\"font-family: Calibri,sans-serif;\"><span style=\"font-size: medium;\">P\u0159ij\u010fte je s n\u00e1mi oslavit do Mot\u00fdlku<\/span><\/span><\/p>\n<p>&nbsp;<\/p>\n<p>&nbsp;<\/p>\n<p>&nbsp;<\/p>\n<p><span style=\"font-family: Calibri,sans-serif;\"><span style=\"font-size: large;\"><strong>11.4.2017<\/strong> \u0160ediv\u00e9 \u00fater\u00fd<\/span><\/span><\/p>\n<p><span style=\"font-family: Calibri,sans-serif;\"><span style=\"font-size: large;\">9.30 <span style=\"text-decoration: underline;\"><b><span style=\"color: #00ff00; text-decoration: underline;\">HLED\u00c1N\u00cd VELIKONO\u010cN\u00cdCH VAJ\u00cd\u010cEK <\/span><\/b><\/span><\/span><\/span><\/p>\n<p><b><\/b><span style=\"font-family: Calibri,sans-serif;\"><span style=\"font-size: large;\"><u><b><br \/>\n<\/b><\/u>&#8211; sraz p\u0159ed MC, p\u016fjdeme na louku za M\u0160<\/span><\/span><\/p>\n<p>&nbsp;<\/p>\n<p>&nbsp;<\/p>\n<p><span style=\"font-family: Calibri,sans-serif;\"><span style=\"font-size: large;\"><strong>12.4.2017<\/strong> \u0160kared\u00e1 st\u0159eda <\/span><\/span><\/p>\n<p><span style=\"font-family: Calibri,sans-serif;\"><span style=\"font-size: large;\">v 9.30 <span style=\"color: #ff0000; text-decoration: underline;\"><b>VELIKONO\u010cN\u00cd CVI\u010cEN\u00cd SE ZAJ\u00cd\u010cKY<\/b> <\/span><\/span><\/span><\/p>\n<p><span style=\"font-family: Calibri,sans-serif;\"><span style=\"font-size: large;\"><br \/>\n&#8211; sraz p\u0159ed MC, p\u016fjdeme na louku za M\u0160<\/span><\/span><\/p>\n<p>&nbsp;<\/p>\n<p>&nbsp;<\/p>\n<p>&nbsp;<\/p>\n<p><span style=\"font-family: Calibri,sans-serif;\"><span style=\"font-size: large;\"><strong>12.4.2017<\/strong> \u0160kared\u00e1 st\u0159eda <\/span><\/span><\/p>\n<p><span style=\"font-family: Calibri,sans-serif;\"><span style=\"font-size: large;\">16.00 <\/span><\/span><span style=\"color: #ff9900; font-family: Calibri,sans-serif;\"><span style=\"font-size: large;\"><u><b>VELIKONO\u010cN\u00cd TVO\u0158EN\u00cd <\/b><\/u><\/span><\/span><span style=\"font-family: Calibri,sans-serif;\"><span style=\"font-size: large;\">&#8211; v prostor\u00e1ch MC<\/span><\/span><\/p>\n<p>&nbsp;<\/p>\n<p>&nbsp;<\/p>\n<p><span style=\"font-family: Calibri,sans-serif;\"><span style=\"font-size: large;\"><strong>13.4.2017<\/strong> Zelen\u00fd \u010dtvrtek <\/span><\/span><\/p>\n<p><span style=\"font-family: Calibri,sans-serif;\"><span style=\"font-size: large;\">9.30 <span style=\"color: #00ccff;\"><u><b>VELIKONO\u010cN\u00cd KOLEDY <\/b><\/u><\/span>\u2013 v prostor\u00e1ch MC<\/span><\/span><\/p>\n<p>&nbsp;<\/p>\n<p><span style=\"font-family: Calibri,sans-serif;\"><span style=\"font-size: large;\"><strong>14.4.2017<\/strong> Velk\u00fd p\u00e1tek &#8211; st\u00e1tn\u00ed sv\u00e1tek \u2013 zav\u0159eno<\/span><\/span><\/p>\n","protected":false},"excerpt":{"rendered":"<p>&nbsp; JSOU TU ZASE PO ROCE JARN\u00cd SV\u00c1TKY VELIKONOCE P\u0159ij\u010fte je s n\u00e1mi oslavit do Mot\u00fdlku &nbsp; &nbsp; &nbsp; 11.4.2017 \u0160ediv\u00e9 \u00fater\u00fd 9.30 HLED\u00c1N\u00cd VELIKONO\u010cN\u00cdCH VAJ\u00cd\u010cEK &#8211; sraz p\u0159ed MC, p\u016fjdeme na louku za M\u0160 &nbsp; &nbsp; 12.4.2017 \u0160kared\u00e1 st\u0159eda v 9.30 VELIKONO\u010cN\u00cd CVI\u010cEN\u00cd SE ZAJ\u00cd\u010cKY &#8211; sraz p\u0159ed MC, p\u016fjdeme na louku za M\u0160 [&hellip;]<\/p>\n","protected":false},"author":31,"featured_media":0,"comment_status":"open","ping_status":"open","sticky":true,"template":"","format":"standard","meta":{"ngg_post_thumbnail":0},"categories":[1],"tags":[],"post_mailing_queue_ids":[],"_links":{"self":[{"href":"http:\/\/www.mcmotylek.cz\/index.php?rest_route=\/wp\/v2\/posts\/5300"}],"collection":[{"href":"http:\/\/www.mcmotylek.cz\/index.php?rest_route=\/wp\/v2\/posts"}],"about":[{"href":"http:\/\/www.mcmotylek.cz\/index.php?rest_route=\/wp\/v2\/types\/post"}],"author":[{"embeddable":true,"href":"http:\/\/www.mcmotylek.cz\/index.php?rest_route=\/wp\/v2\/users\/31"}],"replies":[{"embeddable":true,"href":"http:\/\/www.mcmotylek.cz\/index.php?rest_route=%2Fwp%2Fv2%2Fcomments&post=5300"}],"version-history":[{"count":12,"href":"http:\/\/www.mcmotylek.cz\/index.php?rest_route=\/wp\/v2\/posts\/5300\/revisions"}],"predecessor-version":[{"id":5313,"href":"http:\/\/www.mcmotylek.cz\/index.php?rest_route=\/wp\/v2\/posts\/5300\/revisions\/5313"}],"wp:attachment":[{"href":"http:\/\/www.mcmotylek.cz\/index.php?rest_route=%2Fwp%2Fv2%2Fmedia&parent=5300"}],"wp:term":[{"taxonomy":"category","embeddable":true,"href":"http:\/\/www.mcmotylek.cz\/index.php?rest_route=%2Fwp%2Fv2%2Fcategories&post=5300"},{"taxonomy":"post_tag","embeddable":true,"href":"http:\/\/www.mcmotylek.cz\/index.php?rest_route=%2Fwp%2Fv2%2Ftags&post=5300"}],"curies":[{"name":"wp","href":"https:\/\/api.w.org\/{rel}","templated":true}]}}