{"id":5407,"date":"2017-05-07T17:48:29","date_gmt":"2017-05-07T16:48:29","guid":{"rendered":"http:\/\/www.mcmotylek.cz\/?p=5407"},"modified":"2017-05-07T17:48:29","modified_gmt":"2017-05-07T16:48:29","slug":"vylet-do-sazavy-sklarska-hut-frantisek-23-5","status":"publish","type":"post","link":"http:\/\/www.mcmotylek.cz\/?p=5407","title":{"rendered":"V\u00fdlet do S\u00e1zavy-Skl\u00e1\u0159sk\u00e1 hu\u0165 Franti\u0161ek 23.5."},"content":{"rendered":"<p><img loading=\"lazy\" class=\"alignnone  wp-image-5409\" src=\"http:\/\/www.mcmotylek.cz\/wp-content\/uploads\/2017\/05\/MRK3cc4d4_Jedeme_na_vylet_vlak_a.jpg\" alt=\"MRK3cc4d4_Jedeme_na_vylet_vlak_a\" width=\"257\" height=\"74\" srcset=\"http:\/\/www.mcmotylek.cz\/wp-content\/uploads\/2017\/05\/MRK3cc4d4_Jedeme_na_vylet_vlak_a.jpg 560w, http:\/\/www.mcmotylek.cz\/wp-content\/uploads\/2017\/05\/MRK3cc4d4_Jedeme_na_vylet_vlak_a-300x86.jpg 300w\" sizes=\"(max-width: 257px) 100vw, 257px\" \/><\/p>\n<p>\u010cek\u00e1 n\u00e1s v\u00fdlet vlakem do nedalek\u00e9 S\u00e1zavy.<\/p>\n<p>Tam nav\u0161t\u00edv\u00edme skl\u00e1rny, kde uvid\u00edme, jak se sklo vyr\u00e1b\u00ed.<\/p>\n<p>Zkus\u00edme kor\u00e1lkovat a d\u011bti si mohou dom\u016f odn\u00e9st v\u00fdrobky ze sklen\u011bn\u00fdch kor\u00e1lk\u016f.<\/p>\n<p>Mo\u017en\u00e1 si stihneme zaj\u00edt na ob\u011bd, ale pro jistotu, sva\u010dinky s sebou \ud83d\ude09<\/p>\n<p><span style=\"color: #ff00ff;\"><span style=\"font-size: large;\">Kdy:<b> v \u00fater\u00fd 23. kv\u011btna<\/b><\/span><\/span><\/p>\n<p><span style=\"color: #ff00ff;\"><span style=\"font-size: large;\">Sraz:<b> v 8.25 v T\u00fdnci na n\u00e1dra\u017e\u00ed<\/b><\/span><\/span><\/p>\n<p><span style=\"color: #ff00ff;\"><span style=\"font-size: large;\">p\u0159\u00edjezd zp\u011bt do T\u00fdnce ve 13.51<\/span><\/span><\/p>\n<p><span style=\"color: #ff00ff;\"><span style=\"font-size: large;\">Cena:<b> 50K\u010d \/pro \u010dleny MC zdarma<\/b><\/span><\/span><\/p>\n<p>&nbsp;<\/p>\n<p>Pro v\u00edce informac\u00ed pi\u0161te na email:<\/p>\n<p><span style=\"color: #0000ff;\">info@mcmotylek.cz<\/span><\/p>\n<p>nebo volejte <span style=\"color: #0000ff;\">602 633 410<\/span> Katka Pikousov\u00e1<\/p>\n","protected":false},"excerpt":{"rendered":"<p>\u010cek\u00e1 n\u00e1s v\u00fdlet vlakem do nedalek\u00e9 S\u00e1zavy. Tam nav\u0161t\u00edv\u00edme skl\u00e1rny, kde uvid\u00edme, jak se sklo vyr\u00e1b\u00ed. Zkus\u00edme kor\u00e1lkovat a d\u011bti si mohou dom\u016f odn\u00e9st v\u00fdrobky ze sklen\u011bn\u00fdch kor\u00e1lk\u016f. Mo\u017en\u00e1 si stihneme zaj\u00edt na ob\u011bd, ale pro jistotu, sva\u010dinky s sebou \ud83d\ude09 Kdy: v \u00fater\u00fd 23. kv\u011btna Sraz: v 8.25 v T\u00fdnci na n\u00e1dra\u017e\u00ed p\u0159\u00edjezd zp\u011bt [&hellip;]<\/p>\n","protected":false},"author":31,"featured_media":0,"comment_status":"open","ping_status":"open","sticky":true,"template":"","format":"standard","meta":{"ngg_post_thumbnail":0},"categories":[1],"tags":[],"post_mailing_queue_ids":[],"_links":{"self":[{"href":"http:\/\/www.mcmotylek.cz\/index.php?rest_route=\/wp\/v2\/posts\/5407"}],"collection":[{"href":"http:\/\/www.mcmotylek.cz\/index.php?rest_route=\/wp\/v2\/posts"}],"about":[{"href":"http:\/\/www.mcmotylek.cz\/index.php?rest_route=\/wp\/v2\/types\/post"}],"author":[{"embeddable":true,"href":"http:\/\/www.mcmotylek.cz\/index.php?rest_route=\/wp\/v2\/users\/31"}],"replies":[{"embeddable":true,"href":"http:\/\/www.mcmotylek.cz\/index.php?rest_route=%2Fwp%2Fv2%2Fcomments&post=5407"}],"version-history":[{"count":3,"href":"http:\/\/www.mcmotylek.cz\/index.php?rest_route=\/wp\/v2\/posts\/5407\/revisions"}],"predecessor-version":[{"id":5411,"href":"http:\/\/www.mcmotylek.cz\/index.php?rest_route=\/wp\/v2\/posts\/5407\/revisions\/5411"}],"wp:attachment":[{"href":"http:\/\/www.mcmotylek.cz\/index.php?rest_route=%2Fwp%2Fv2%2Fmedia&parent=5407"}],"wp:term":[{"taxonomy":"category","embeddable":true,"href":"http:\/\/www.mcmotylek.cz\/index.php?rest_route=%2Fwp%2Fv2%2Fcategories&post=5407"},{"taxonomy":"post_tag","embeddable":true,"href":"http:\/\/www.mcmotylek.cz\/index.php?rest_route=%2Fwp%2Fv2%2Ftags&post=5407"}],"curies":[{"name":"wp","href":"https:\/\/api.w.org\/{rel}","templated":true}]}}