{"id":5671,"date":"2017-08-22T21:09:27","date_gmt":"2017-08-22T20:09:27","guid":{"rendered":"http:\/\/www.mcmotylek.cz\/?p=5671"},"modified":"2017-08-28T07:51:47","modified_gmt":"2017-08-28T06:51:47","slug":"zaciname-novou-sezonu-11-9-2017","status":"publish","type":"post","link":"http:\/\/www.mcmotylek.cz\/?p=5671","title":{"rendered":"ZA\u010c\u00cdN\u00c1ME NOVOU SEZ\u00d3NU 11.9.2017"},"content":{"rendered":"<p><span style=\"color: #0000ff;\">Mil\u00e9 maminky a ostatn\u00ed,<\/span><\/p>\n<p><strong><span style=\"color: #0000ff;\">p\u0159ejeme V\u00e1m kr\u00e1sn\u00fd konec l\u00e9ta a r\u00e1di bychom V\u00e1m p\u0159edstavili <a href=\"http:\/\/www.mcmotylek.cz\/?page_id=511\">nov\u00fd rozvrh<\/a>, kde vedle zn\u00e1m\u00fdch a obl\u00edben\u00fdch krou\u017ek\u016f nab\u00eddneme i nov\u00e9. Nov\u011b m\u00e1me krou\u017eek i pro maminky &#8211; kurz j\u00f3gy.<br \/>\n<\/span><\/strong><\/p>\n<p><strong><span style=\"color: #ff0000;\">Dal\u0161\u00ed velice zaj\u00edmavou alternativou jsou 2 krou\u017eky, kter\u00e9 jsou ur\u010den\u00e9 <span style=\"text-decoration: underline;\">pouze pro d\u011bti bez rodi\u010d\u016f<\/span>. Ti si v \u010dase krou\u017eku mohou zaj\u00edt n\u011bkam na k\u00e1vi\u010dku \u010di nakoupit. Jedn\u00e1 se o krou\u017eek <a href=\"http:\/\/www.mcmotylek.cz\/?page_id=3083\">Dramat\u00e1\u010dek<\/a> a d\u00e1le o <a href=\"http:\/\/www.mcmotylek.cz\/?page_id=4900\">Tane\u010dn\u00ed krou\u017eek<\/a>.<\/span> <\/strong><\/p>\n<p><span style=\"color: #0000ff;\">Podrobn\u00e9 informace najdete v sekci pravideln\u00fd program.<\/span><\/p>\n<h2><strong><span style=\"color: #ff0000;\">Za\u010d\u00edn\u00e1me v t\u00fddnu od 11.9.2017, rozvrh najdete na na\u0161ich internetov\u00fdch str\u00e1nk\u00e1ch <a class=\"linkification-ext\" title=\"Linkification: http:\/\/www.mcmotylek.cz\" href=\"http:\/\/www.mcmotylek.cz\">www.mcmotylek.cz<\/a>. <\/span><\/strong><\/h2>\n<p><span style=\"color: #0000ff;\">Tak nev\u00e1hejte a p\u0159ij\u010fte se i s d\u011btmi pod\u00edvat, t\u011b\u0161\u00edme se na V\u00e1s!!!!<\/span><\/p>\n","protected":false},"excerpt":{"rendered":"<p>Mil\u00e9 maminky a ostatn\u00ed, p\u0159ejeme V\u00e1m kr\u00e1sn\u00fd konec l\u00e9ta a r\u00e1di bychom V\u00e1m p\u0159edstavili nov\u00fd rozvrh, kde vedle zn\u00e1m\u00fdch a obl\u00edben\u00fdch krou\u017ek\u016f nab\u00eddneme i nov\u00e9. Nov\u011b m\u00e1me krou\u017eek i pro maminky &#8211; kurz j\u00f3gy. Dal\u0161\u00ed velice zaj\u00edmavou alternativou jsou 2 krou\u017eky, kter\u00e9 jsou ur\u010den\u00e9 pouze pro d\u011bti bez rodi\u010d\u016f. Ti si v \u010dase krou\u017eku mohou [&hellip;]<\/p>\n","protected":false},"author":29,"featured_media":0,"comment_status":"open","ping_status":"open","sticky":true,"template":"","format":"standard","meta":{"ngg_post_thumbnail":0},"categories":[37],"tags":[96,95],"post_mailing_queue_ids":[],"_links":{"self":[{"href":"http:\/\/www.mcmotylek.cz\/index.php?rest_route=\/wp\/v2\/posts\/5671"}],"collection":[{"href":"http:\/\/www.mcmotylek.cz\/index.php?rest_route=\/wp\/v2\/posts"}],"about":[{"href":"http:\/\/www.mcmotylek.cz\/index.php?rest_route=\/wp\/v2\/types\/post"}],"author":[{"embeddable":true,"href":"http:\/\/www.mcmotylek.cz\/index.php?rest_route=\/wp\/v2\/users\/29"}],"replies":[{"embeddable":true,"href":"http:\/\/www.mcmotylek.cz\/index.php?rest_route=%2Fwp%2Fv2%2Fcomments&post=5671"}],"version-history":[{"count":3,"href":"http:\/\/www.mcmotylek.cz\/index.php?rest_route=\/wp\/v2\/posts\/5671\/revisions"}],"predecessor-version":[{"id":5686,"href":"http:\/\/www.mcmotylek.cz\/index.php?rest_route=\/wp\/v2\/posts\/5671\/revisions\/5686"}],"wp:attachment":[{"href":"http:\/\/www.mcmotylek.cz\/index.php?rest_route=%2Fwp%2Fv2%2Fmedia&parent=5671"}],"wp:term":[{"taxonomy":"category","embeddable":true,"href":"http:\/\/www.mcmotylek.cz\/index.php?rest_route=%2Fwp%2Fv2%2Fcategories&post=5671"},{"taxonomy":"post_tag","embeddable":true,"href":"http:\/\/www.mcmotylek.cz\/index.php?rest_route=%2Fwp%2Fv2%2Ftags&post=5671"}],"curies":[{"name":"wp","href":"https:\/\/api.w.org\/{rel}","templated":true}]}}