{"id":5781,"date":"2017-10-02T12:36:39","date_gmt":"2017-10-02T11:36:39","guid":{"rendered":"http:\/\/www.mcmotylek.cz\/?p=5781"},"modified":"2017-10-02T12:36:39","modified_gmt":"2017-10-02T11:36:39","slug":"prochazka-tyncem-s-detmi-na-tele-3-rijna","status":"publish","type":"post","link":"http:\/\/www.mcmotylek.cz\/?p=5781","title":{"rendered":"Proch\u00e1zka T\u00fdncem s d\u011btmi na t\u011ble 3. \u0159\u00edjna"},"content":{"rendered":"\n<!-- YouTube Embed v5.2.3 -->\nThe YouTube ID of Insert video URL or ID here is invalid.\n<!-- End of YouTube Embed code -->\nV\u00e1\u017een\u00ed rodi\u010de,<\/p>\n<p>tento t\u00fdden 2.-8.10. prob\u00edh\u00e1 Mezin\u00e1rodn\u00ed t\u00fdden no\u0161en\u00ed d\u011bt\u00ed.<\/p>\n<p>K t\u00e9to p\u0159\u00edle\u017eitosti MC Mot\u00fdlek po\u0159\u00e1d\u00e1 proch\u00e1zku T\u00fdncem s d\u011btmi na t\u011ble.<\/p>\n<p>Vych\u00e1z\u00edme ve <strong>13.45<\/strong> od obchodu \u0160\u00e1tkom\u00e1nie\/Barefootm\u00e1nie.<\/p>\n<p>Trasa zatim nen\u00ed pevn\u011b ur\u010dena, tak v p\u0159\u00edpad\u011b, \u017ee byste n\u00e1s pro\u0161vihli, volejte na \u010d\u00edslo 721 140 507 (L\u00edda Klimusov\u00e1).<\/p>\n<p>Ka\u017edop\u00e1dn\u011b tento pochod T\u00fdncem pokra\u010duje setk\u00e1n\u00edm nosi\u010d\u00edch rodi\u010d\u016f na <a href=\"http:\/\/www.mcmotylek.cz\/?page_id=4667\">Skupince<\/a> v MC Mot\u00fdlek od <strong>15.00<\/strong>.<\/p>\n<p>Tam budou k vid\u011bn\u00ed \u0161\u00e1tky a tak\u00e9 r\u016fzn\u00e1 nos\u00edtka, kter\u00e9 zap\u016fj\u010d\u00ed pr\u00e1v\u011b obchod \u0160\u00e1tkom\u00e1nie.<\/p>\n<ul>\n<li>Zv\u00e1ni jsou v\u0161ichni, kdo maj\u00ed o toto t\u00e9ma z\u00e1jem.<\/li>\n<\/ul>\n<p>&nbsp;<\/p>\n","protected":false},"excerpt":{"rendered":"<p>V\u00e1\u017een\u00ed rodi\u010de, tento t\u00fdden 2.-8.10. prob\u00edh\u00e1 Mezin\u00e1rodn\u00ed t\u00fdden no\u0161en\u00ed d\u011bt\u00ed. K t\u00e9to p\u0159\u00edle\u017eitosti MC Mot\u00fdlek po\u0159\u00e1d\u00e1 proch\u00e1zku T\u00fdncem s d\u011btmi na t\u011ble. Vych\u00e1z\u00edme ve 13.45 od obchodu \u0160\u00e1tkom\u00e1nie\/Barefootm\u00e1nie. Trasa zatim nen\u00ed pevn\u011b ur\u010dena, tak v p\u0159\u00edpad\u011b, \u017ee byste n\u00e1s pro\u0161vihli, volejte na \u010d\u00edslo 721 140 507 (L\u00edda Klimusov\u00e1). Ka\u017edop\u00e1dn\u011b tento pochod T\u00fdncem pokra\u010duje setk\u00e1n\u00edm nosi\u010d\u00edch [&hellip;]<\/p>\n","protected":false},"author":31,"featured_media":0,"comment_status":"open","ping_status":"open","sticky":true,"template":"","format":"standard","meta":{"ngg_post_thumbnail":0},"categories":[3,134],"tags":[],"post_mailing_queue_ids":[],"_links":{"self":[{"href":"http:\/\/www.mcmotylek.cz\/index.php?rest_route=\/wp\/v2\/posts\/5781"}],"collection":[{"href":"http:\/\/www.mcmotylek.cz\/index.php?rest_route=\/wp\/v2\/posts"}],"about":[{"href":"http:\/\/www.mcmotylek.cz\/index.php?rest_route=\/wp\/v2\/types\/post"}],"author":[{"embeddable":true,"href":"http:\/\/www.mcmotylek.cz\/index.php?rest_route=\/wp\/v2\/users\/31"}],"replies":[{"embeddable":true,"href":"http:\/\/www.mcmotylek.cz\/index.php?rest_route=%2Fwp%2Fv2%2Fcomments&post=5781"}],"version-history":[{"count":2,"href":"http:\/\/www.mcmotylek.cz\/index.php?rest_route=\/wp\/v2\/posts\/5781\/revisions"}],"predecessor-version":[{"id":5783,"href":"http:\/\/www.mcmotylek.cz\/index.php?rest_route=\/wp\/v2\/posts\/5781\/revisions\/5783"}],"wp:attachment":[{"href":"http:\/\/www.mcmotylek.cz\/index.php?rest_route=%2Fwp%2Fv2%2Fmedia&parent=5781"}],"wp:term":[{"taxonomy":"category","embeddable":true,"href":"http:\/\/www.mcmotylek.cz\/index.php?rest_route=%2Fwp%2Fv2%2Fcategories&post=5781"},{"taxonomy":"post_tag","embeddable":true,"href":"http:\/\/www.mcmotylek.cz\/index.php?rest_route=%2Fwp%2Fv2%2Ftags&post=5781"}],"curies":[{"name":"wp","href":"https:\/\/api.w.org\/{rel}","templated":true}]}}