{"id":5809,"date":"2017-10-09T22:00:05","date_gmt":"2017-10-09T21:00:05","guid":{"rendered":"http:\/\/www.mcmotylek.cz\/?p=5809"},"modified":"2017-10-09T22:00:05","modified_gmt":"2017-10-09T21:00:05","slug":"prezentace-latkovych-plenek-v-pondeli-16-10","status":"publish","type":"post","link":"http:\/\/www.mcmotylek.cz\/?p=5809","title":{"rendered":"Prezentace l\u00e1tkov\u00fdch plenek v pond\u011bl\u00ed 16.10."},"content":{"rendered":"<p>V\u00e1\u017een\u00ed rodi\u010de.<\/p>\n<p>Zveme V\u00e1s prohl\u00e9dnout si a osahat modern\u00ed l\u00e1tkov\u00e9 plenky a r\u016fzn\u00e9 jin\u00e9 dopl\u0148ky k p\u0159ebalov\u00e1n\u00ed.<img loading=\"lazy\" class=\"wp-image-4923 alignright\" src=\"http:\/\/www.mcmotylek.cz\/wp-content\/uploads\/2016\/10\/13254616_963929720394883_7746262379242641543_n.jpg\" alt=\"\" width=\"129\" height=\"164\" srcset=\"http:\/\/www.mcmotylek.cz\/wp-content\/uploads\/2016\/10\/13254616_963929720394883_7746262379242641543_n.jpg 755w, http:\/\/www.mcmotylek.cz\/wp-content\/uploads\/2016\/10\/13254616_963929720394883_7746262379242641543_n-236x300.jpg 236w\" sizes=\"(max-width: 129px) 100vw, 129px\" \/><b><\/b><i><\/i><u><\/u><\/p>\n<p>Z\u00e1rove\u0148 se dozv\u00edte, jak o plenky pe\u010dovat, v \u010dem jsou ekologick\u00e9 a ekonomick\u00e9.<\/p>\n<p>Plenky n\u00e1m p\u0159edstav\u00ed l\u00e1tkovac\u00ed poradkyn\u011b pan\u00ed Ilona Soch\u016frkov\u00e1.<\/p>\n<p>T\u011b\u0161\u00edme se na V\u00e1s<\/p>\n<p><b>v pond\u011bl\u00ed 16.\u0159\u00edjna<\/b><\/p>\n<p><strong>od 17.00<\/strong><\/p>\n<p><strong>cena 50 K\u010d\/ 30 K\u010d pro \u010dleny MC<\/strong><\/p>\n<p>Po\u010det m\u00edst je omezen, nutno se p\u0159ihl\u00e1sit u L\u00eddy Klimusov\u00e9 <strong>721 140 507<br \/>\n<\/strong>Nebo p\u0159es email info@mcmotylek.cz<\/p>\n<p>&nbsp;<\/p>\n<p>&nbsp;<\/p>\n","protected":false},"excerpt":{"rendered":"<p>V\u00e1\u017een\u00ed rodi\u010de. Zveme V\u00e1s prohl\u00e9dnout si a osahat modern\u00ed l\u00e1tkov\u00e9 plenky a r\u016fzn\u00e9 jin\u00e9 dopl\u0148ky k p\u0159ebalov\u00e1n\u00ed. Z\u00e1rove\u0148 se dozv\u00edte, jak o plenky pe\u010dovat, v \u010dem jsou ekologick\u00e9 a ekonomick\u00e9. Plenky n\u00e1m p\u0159edstav\u00ed l\u00e1tkovac\u00ed poradkyn\u011b pan\u00ed Ilona Soch\u016frkov\u00e1. T\u011b\u0161\u00edme se na V\u00e1s v pond\u011bl\u00ed 16.\u0159\u00edjna od 17.00 cena 50 K\u010d\/ 30 K\u010d pro \u010dleny MC [&hellip;]<\/p>\n","protected":false},"author":31,"featured_media":0,"comment_status":"open","ping_status":"open","sticky":true,"template":"","format":"standard","meta":{"ngg_post_thumbnail":0},"categories":[134,36],"tags":[136,137],"post_mailing_queue_ids":[],"_links":{"self":[{"href":"http:\/\/www.mcmotylek.cz\/index.php?rest_route=\/wp\/v2\/posts\/5809"}],"collection":[{"href":"http:\/\/www.mcmotylek.cz\/index.php?rest_route=\/wp\/v2\/posts"}],"about":[{"href":"http:\/\/www.mcmotylek.cz\/index.php?rest_route=\/wp\/v2\/types\/post"}],"author":[{"embeddable":true,"href":"http:\/\/www.mcmotylek.cz\/index.php?rest_route=\/wp\/v2\/users\/31"}],"replies":[{"embeddable":true,"href":"http:\/\/www.mcmotylek.cz\/index.php?rest_route=%2Fwp%2Fv2%2Fcomments&post=5809"}],"version-history":[{"count":2,"href":"http:\/\/www.mcmotylek.cz\/index.php?rest_route=\/wp\/v2\/posts\/5809\/revisions"}],"predecessor-version":[{"id":5811,"href":"http:\/\/www.mcmotylek.cz\/index.php?rest_route=\/wp\/v2\/posts\/5809\/revisions\/5811"}],"wp:attachment":[{"href":"http:\/\/www.mcmotylek.cz\/index.php?rest_route=%2Fwp%2Fv2%2Fmedia&parent=5809"}],"wp:term":[{"taxonomy":"category","embeddable":true,"href":"http:\/\/www.mcmotylek.cz\/index.php?rest_route=%2Fwp%2Fv2%2Fcategories&post=5809"},{"taxonomy":"post_tag","embeddable":true,"href":"http:\/\/www.mcmotylek.cz\/index.php?rest_route=%2Fwp%2Fv2%2Ftags&post=5809"}],"curies":[{"name":"wp","href":"https:\/\/api.w.org\/{rel}","templated":true}]}}