{"id":5837,"date":"2017-10-31T15:57:47","date_gmt":"2017-10-31T14:57:47","guid":{"rendered":"http:\/\/www.mcmotylek.cz\/?p=5837"},"modified":"2017-10-31T15:57:47","modified_gmt":"2017-10-31T14:57:47","slug":"reportaz-z-prednasky-prirozeny-porod-ocima-duly","status":"publish","type":"post","link":"http:\/\/www.mcmotylek.cz\/?p=5837","title":{"rendered":"Report\u00e1\u017e z p\u0159edn\u00e1\u0161ky P\u0159irozen\u00fd porod o\u010dima duly"},"content":{"rendered":"<div class=\"_d97\"><span class=\"_5yl5\"><img loading=\"lazy\" class=\"alignnone wp-image-5839\" src=\"http:\/\/www.mcmotylek.cz\/wp-content\/uploads\/2017\/10\/22882231_10210104092375700_1116347400_o.jpg\" alt=\"\" width=\"344\" height=\"193\" srcset=\"http:\/\/www.mcmotylek.cz\/wp-content\/uploads\/2017\/10\/22882231_10210104092375700_1116347400_o.jpg 2048w, http:\/\/www.mcmotylek.cz\/wp-content\/uploads\/2017\/10\/22882231_10210104092375700_1116347400_o-300x169.jpg 300w, http:\/\/www.mcmotylek.cz\/wp-content\/uploads\/2017\/10\/22882231_10210104092375700_1116347400_o-768x432.jpg 768w, http:\/\/www.mcmotylek.cz\/wp-content\/uploads\/2017\/10\/22882231_10210104092375700_1116347400_o-1024x576.jpg 1024w\" sizes=\"(max-width: 344px) 100vw, 344px\" \/><\/span><\/div>\n<div class=\"_d97\"><span class=\"_5yl5\">P\u0159edn\u00e1\u0161ka P\u0159irozen\u00fd porod o\u010dima duly se konala v MC Mot\u00fdlek v \u00fater\u00fd 24.10. <\/span><\/div>\n<div class=\"_d97\">O porodu n\u00e1m vypr\u00e1v\u011bla<span class=\"_5yl5\"> certifikovan\u00e1 dula, kter\u00e1 bydl\u00ed za humny, Mgr. \u0160\u00e1rka Ku\u010derov\u00e1. <a href=\"http:\/\/www.pocatkymaterstvi.cz\/\">http:\/\/www.pocatkymaterstvi.cz\/<\/a><\/span><\/div>\n<div class=\"_d97\"><span class=\"_5yl5\">Se\u0161ly se \u017eeny ve skromn\u00e9m po\u010dtu a tak se z p\u0159edn\u00e1\u0161ky vyvinula sp\u00ed\u0161e beseda.<\/span><\/div>\n<div>Dozv\u011bd\u011bli jsme se, kdo je Dula a jak\u00e1 je jej\u00ed \u00faloha p\u0159i porodu.<\/div>\n<div><span style=\"line-height: inherit;\">\u017de to nen\u00ed zdravotn\u00edk, ale poskytuje rodi\u010dce zejm\u00e9na emocion\u00e1ln\u00ed podporu a pom\u00e1h\u00e1 navodit klidnou a p\u0159\u00edjemnou atmosf\u00e9ru.\u00a0<\/span><\/div>\n<div>Ta panovala i b\u011bhem p\u0159edn\u00e1\u0161ky.<\/div>\n<div><\/div>\n<div><\/div>\n<div><\/div>\n<div><span style=\"line-height: inherit;\">Dojmy n\u00e1v\u0161t\u011bvnic<\/span>:<\/div>\n<div><strong>\u0160\u00e1rka D.<\/strong><\/div>\n<div><em>Nev\u00edm jak za\u010d\u00edt &#8211; celkov\u011b ve\u010der hodnot\u00edm ur\u010dit\u011b pozitivn\u011b. <\/em><\/div>\n<div><em>Kdyby nic jin\u00e9ho, tak pro m\u011b bylo moc p\u0159\u00edjemn\u00e9 to, \u017ee bylo mo\u017en\u00e9 sd\u00edlet \u017eenskou a t\u011bhotnou energii a bavit se o p\u0159\u00edbuzn\u00fdch t\u00e9matech. Kamar\u00e1dky jsou bu\u010f nekontaktn\u00ed matky nebo zat\u00edm nejsou matky v\u016fbec, tak\u017ee jsou pro m\u011b takov\u00e9to sed\u00e1nky skute\u010dn\u011b v\u00fdjime\u010dnou vz\u00e1cnost\u00ed.<br \/>\nCo se p\u0159irozen\u00e9ho porodu t\u00fd\u010de &#8211; hodn\u011b jsem se o n\u011bj zasazovala u\u017e u prvn\u00edho porodu a informace jsem si zji\u0161\u0165ovala ji\u017e v prvn\u00edm t\u011bhotenstv\u00ed. Nicm\u00e9n\u011b \u0159\u00edct, \u017ee jsem v\u011bd\u011bla v\u0161echno, by bylo arogantn\u00ed a l\u017eiv\u00e9.<\/em><\/div>\n<div><em>Vyp\u00edchla jsem si pro sebe p\u00e1r drobnost\u00ed, kter\u00e9 bych do budouc\u00edch porod\u016f r\u00e1da zkusila pou\u017e\u00edt jako argumenty pro nemocni\u010dn\u00ed person\u00e1l, pro\u010d je jejich p\u0159\u00edstup zbyte\u010dn\u011b opatrn\u00fd a \u017ee s n\u00edm nesouhlas\u00edm jenom proto, \u017ee je to modern\u00ed, ale proto, \u017ee je to moje \u0159e\u0161en\u00ed z ur\u010dit\u00fdch d\u016fvod\u016f skute\u010dn\u011b lep\u0161\u00ed. <\/em><\/div>\n<div><em>Co m\u011b vylo\u017een\u011b pot\u011b\u0161ilo bylo to, \u017ee jak \u0160\u00e1rka popisovala pr\u016fb\u011bh porodu a r\u016fzn\u00fd relaxa\u010dn\u00ed techniky a polohy v jednotliv\u00fdch momentech, tak v podstat\u011b popisovala m\u016fj porod a moje pro\u017eitky. M\u011bla jsem radost, \u017ee m\u016fj p\u0159\u00edstup &#8222;t\u011blo v\u00ed co m\u00e1 d\u011blat&#8220; se potvrdil, proto\u017ee zp\u011btn\u011b m\u00e1m pocit, \u017ee jsem si diktovala p\u0159esn\u011b podle jej\u00edho\u00a0 n\u00e1vodu.<br \/>\nJe to p\u0159\u00edstup, kter\u00e9ho bych se r\u00e1da dr\u017eela i te\u010f v b\u0159eznu &#8211; t\u011blo snad bude v\u011bd\u011bt co m\u00e1 d\u011blat a j\u00e1 budu dostate\u010dn\u011b v klidu na to, abych ho um\u011bla poslouchat a nenechala se vystresovat n\u011bjak\u00fdmi radami, pravidly, postupy a n\u00e1vody.<br \/>\nD\u011bkuji za tento z\u00e1\u017eitek =o)\u00a0<\/em><\/div>\n<div><\/div>\n<div><strong>Martina H.<\/strong><\/div>\n<div><em>P\u0159edn\u00e1\u0161ka duly \u0160\u00e1rky v Mot\u00fdlku se mi moc l\u00edbila a byla jsem r\u00e1da \u017ee jsem se nakonec rozhodla j\u00edt. Sice m\u00e1m ji\u017e jedno d\u00edtko doma a porod jsem si ji\u017e pro\u017eila, ale dozv\u011bd\u011bla jsem se dal\u0161\u00ed informace a n\u011bkolik vychyt\u00e1vek a rad a to mi hodn\u011b dalo.<br \/>\nD\u00e1le jsem se vlastn\u011b dozv\u011bd\u011bla co takov\u00e1 pr\u00e1ce duly v\u016fbec obn\u00e1\u0161\u00ed.<br \/>\nTak\u017ee p\u0159\u00ed\u0161t\u011b maminky &#8211; vlastn\u011b nast\u00e1vaj\u00edc\u00ed maminky v\u0159ele doporu\u010duji.<\/em><\/div>\n<div><\/div>\n<div><\/div>\n","protected":false},"excerpt":{"rendered":"<p>P\u0159edn\u00e1\u0161ka P\u0159irozen\u00fd porod o\u010dima duly se konala v MC Mot\u00fdlek v \u00fater\u00fd 24.10. O porodu n\u00e1m vypr\u00e1v\u011bla certifikovan\u00e1 dula, kter\u00e1 bydl\u00ed za humny, Mgr. \u0160\u00e1rka Ku\u010derov\u00e1. http:\/\/www.pocatkymaterstvi.cz\/ Se\u0161ly se \u017eeny ve skromn\u00e9m po\u010dtu a tak se z p\u0159edn\u00e1\u0161ky vyvinula sp\u00ed\u0161e beseda. Dozv\u011bd\u011bli jsme se, kdo je Dula a jak\u00e1 je jej\u00ed \u00faloha p\u0159i porodu. \u017de [&hellip;]<\/p>\n","protected":false},"author":31,"featured_media":0,"comment_status":"open","ping_status":"open","sticky":true,"template":"","format":"standard","meta":{"ngg_post_thumbnail":0},"categories":[134,36],"tags":[140,139],"post_mailing_queue_ids":[],"_links":{"self":[{"href":"http:\/\/www.mcmotylek.cz\/index.php?rest_route=\/wp\/v2\/posts\/5837"}],"collection":[{"href":"http:\/\/www.mcmotylek.cz\/index.php?rest_route=\/wp\/v2\/posts"}],"about":[{"href":"http:\/\/www.mcmotylek.cz\/index.php?rest_route=\/wp\/v2\/types\/post"}],"author":[{"embeddable":true,"href":"http:\/\/www.mcmotylek.cz\/index.php?rest_route=\/wp\/v2\/users\/31"}],"replies":[{"embeddable":true,"href":"http:\/\/www.mcmotylek.cz\/index.php?rest_route=%2Fwp%2Fv2%2Fcomments&post=5837"}],"version-history":[{"count":5,"href":"http:\/\/www.mcmotylek.cz\/index.php?rest_route=\/wp\/v2\/posts\/5837\/revisions"}],"predecessor-version":[{"id":5852,"href":"http:\/\/www.mcmotylek.cz\/index.php?rest_route=\/wp\/v2\/posts\/5837\/revisions\/5852"}],"wp:attachment":[{"href":"http:\/\/www.mcmotylek.cz\/index.php?rest_route=%2Fwp%2Fv2%2Fmedia&parent=5837"}],"wp:term":[{"taxonomy":"category","embeddable":true,"href":"http:\/\/www.mcmotylek.cz\/index.php?rest_route=%2Fwp%2Fv2%2Fcategories&post=5837"},{"taxonomy":"post_tag","embeddable":true,"href":"http:\/\/www.mcmotylek.cz\/index.php?rest_route=%2Fwp%2Fv2%2Ftags&post=5837"}],"curies":[{"name":"wp","href":"https:\/\/api.w.org\/{rel}","templated":true}]}}