{"id":5858,"date":"2017-11-10T14:10:25","date_gmt":"2017-11-10T13:10:25","guid":{"rendered":"http:\/\/www.mcmotylek.cz\/?p=5858"},"modified":"2017-11-10T14:10:25","modified_gmt":"2017-11-10T13:10:25","slug":"svatomartinsky-lampionovy-pruvod-11-11-2017-od-17-hodin","status":"publish","type":"post","link":"http:\/\/www.mcmotylek.cz\/?p=5858","title":{"rendered":"SVATOMARTINSK\u00dd LAMPIONOV\u00dd PR\u016eVOD 11.11.2017 OD 17 HODIN"},"content":{"rendered":"<p>Pr\u016fvod v \u010dele se Svat\u00fdm Martinem na b\u00edl\u00e9m koni vych\u00e1z\u00ed \u00a0\u00a0\u00a0<img loading=\"lazy\" class=\"alignright wp-image-4960 size-thumbnail\" src=\"http:\/\/www.mcmotylek.cz\/wp-content\/uploads\/2016\/10\/martin-e1476822773336-128x150.jpg\" alt=\"martin\" width=\"128\" height=\"150\" \/><\/p>\n<h2>v sobotu 11. listopadu 2017<\/h2>\n<h2>v <b>17:00<\/b> od <b>MC Mot\u00fdlek<\/b> \u00a0T\u00fdnec n.S.<\/h2>\n<p>a poputuje do zahrady Spole\u010densk\u00e9ho centra.<\/p>\n<p><strong>Program v zahrad\u011b:<\/strong><\/p>\n<ul>\n<li>sezn\u00e1men\u00ed s legendou o Svat\u00e9m Martinovi<\/li>\n<li>p\u011bveck\u00e9 vystoupen\u00ed souboru <b>Z\u0160 Bene\u0161ovsk\u00e1<\/b> pod veden\u00edm <b>Jany Vackov\u00e9<\/b><\/li>\n<li>p\u011bveck\u00e9 vystoupen\u00ed pro d\u011bti v pod\u00e1n\u00ed <strong>Kate\u0159iny \u0160evidov\u00e9<\/strong><\/li>\n<li>tradi\u010dn\u00ed svatomartinsk\u00e9 rohl\u00ed\u010dky a tepl\u00fd \u010daj<\/li>\n<li>na m\u00edst\u011b bude ho\u0159et ohe\u0148 \u2013 mo\u017enost ope\u010den\u00ed vlastn\u00edch bu\u0159t\u016f<\/li>\n<\/ul>\n<p><b>P\u0159\u00edsp\u011bvek<\/b><b> na akci je 40 K<\/b><b>\u010c<\/b><b>\/d\u00edt<\/b><b>\u011b<\/b><b>.<\/b><\/p>\n<p>&nbsp;<\/p>\n","protected":false},"excerpt":{"rendered":"<p>Pr\u016fvod v \u010dele se Svat\u00fdm Martinem na b\u00edl\u00e9m koni vych\u00e1z\u00ed \u00a0\u00a0\u00a0 v sobotu 11. listopadu 2017 v 17:00 od MC Mot\u00fdlek \u00a0T\u00fdnec n.S. a poputuje do zahrady Spole\u010densk\u00e9ho centra. Program v zahrad\u011b: sezn\u00e1men\u00ed s legendou o Svat\u00e9m Martinovi p\u011bveck\u00e9 vystoupen\u00ed souboru Z\u0160 Bene\u0161ovsk\u00e1 pod veden\u00edm Jany Vackov\u00e9 p\u011bveck\u00e9 vystoupen\u00ed pro d\u011bti v pod\u00e1n\u00ed Kate\u0159iny \u0160evidov\u00e9 [&hellip;]<\/p>\n","protected":false},"author":29,"featured_media":0,"comment_status":"open","ping_status":"open","sticky":true,"template":"","format":"standard","meta":{"ngg_post_thumbnail":0},"categories":[3,134,37],"tags":[91],"post_mailing_queue_ids":[],"_links":{"self":[{"href":"http:\/\/www.mcmotylek.cz\/index.php?rest_route=\/wp\/v2\/posts\/5858"}],"collection":[{"href":"http:\/\/www.mcmotylek.cz\/index.php?rest_route=\/wp\/v2\/posts"}],"about":[{"href":"http:\/\/www.mcmotylek.cz\/index.php?rest_route=\/wp\/v2\/types\/post"}],"author":[{"embeddable":true,"href":"http:\/\/www.mcmotylek.cz\/index.php?rest_route=\/wp\/v2\/users\/29"}],"replies":[{"embeddable":true,"href":"http:\/\/www.mcmotylek.cz\/index.php?rest_route=%2Fwp%2Fv2%2Fcomments&post=5858"}],"version-history":[{"count":1,"href":"http:\/\/www.mcmotylek.cz\/index.php?rest_route=\/wp\/v2\/posts\/5858\/revisions"}],"predecessor-version":[{"id":5859,"href":"http:\/\/www.mcmotylek.cz\/index.php?rest_route=\/wp\/v2\/posts\/5858\/revisions\/5859"}],"wp:attachment":[{"href":"http:\/\/www.mcmotylek.cz\/index.php?rest_route=%2Fwp%2Fv2%2Fmedia&parent=5858"}],"wp:term":[{"taxonomy":"category","embeddable":true,"href":"http:\/\/www.mcmotylek.cz\/index.php?rest_route=%2Fwp%2Fv2%2Fcategories&post=5858"},{"taxonomy":"post_tag","embeddable":true,"href":"http:\/\/www.mcmotylek.cz\/index.php?rest_route=%2Fwp%2Fv2%2Ftags&post=5858"}],"curies":[{"name":"wp","href":"https:\/\/api.w.org\/{rel}","templated":true}]}}