{"id":5916,"date":"2017-11-14T21:43:52","date_gmt":"2017-11-14T20:43:52","guid":{"rendered":"http:\/\/www.mcmotylek.cz\/?p=5916"},"modified":"2017-11-14T21:43:52","modified_gmt":"2017-11-14T20:43:52","slug":"kurz-noseni-deti-pro-zacatecniky","status":"publish","type":"post","link":"http:\/\/www.mcmotylek.cz\/?p=5916","title":{"rendered":"Kurz no\u0161en\u00ed d\u011bt\u00ed pro za\u010d\u00e1te\u010dn\u00edky"},"content":{"rendered":"<p>KURZ NO\u0160EN\u00cd D\u011aT\u00cd<br \/>\npro t\u011bhotn\u00e9 a rodi\u010de s d\u011btmi do cca 3 m\u011bs\u00edc\u016f<br \/>\nKurz vede lektorka no\u0161en\u00ed d\u011bt\u00ed a lakta\u010dn\u00ed poradkyn\u011b L\u00edda Klimusov\u00e1<br \/>\n<strong>Kdy: v ned\u011bli 26. listopadu<\/strong><br \/>\n<strong>\u010cas: 14.00<\/strong><br \/>\n<strong>Cena: 130 K\u010d pro jednotlivce<\/strong><br \/>\n<strong>150 K\u010d pro p\u00e1r<\/strong><\/p>\n<p>N\u00e1pl\u0148 kurzu: \uf0b7<\/p>\n<ul>\n<li>v\u00fdhody no\u0161en\u00ed pro rodi\u010de a pro d\u011bti \uf0b7<\/li>\n<li>z\u00e1kladn\u00ed \u00favaz na b\u0159icho-K\u0159\u00ed\u017e s kapsou uvnit\u0159 \uf0b7<\/li>\n<li>praktick\u00e9 obl\u00e9k\u00e1n\u00ed \uf0b7<\/li>\n<li>r\u016fzn\u00e9 mo\u017enosti no\u0161en\u00ed d\u011bt\u00ed-jak vybrat \u0161\u00e1tek \u010di nos\u00edtko<\/li>\n<\/ul>\n<p><span style=\"display: inline !important; float: none; background-color: transparent; color: #333333; font-family: Georgia,'Times New Roman','Bitstream Charter',Times,serif; font-size: 16px; font-style: normal; font-variant: normal; font-weight: 400; letter-spacing: normal; line-height: 24px; orphans: 2; text-align: left; text-decoration: none; text-indent: 0px; text-transform: none; -webkit-text-stroke-width: 0px; white-space: normal; word-spacing: 0px;\">Po\u010det m\u00edst omezen. Nutn\u00e1 rezervace do 23.listopadu na info@mcmotylek.cz Nebo na telefonu L\u00eddy Klimusov\u00e9 721 140 507<\/span><\/p>\n<a class=\"download-link\" title=\"\n\t\" href=\"http:\/\/www.mcmotylek.cz?download=5918&#038;tmstv=1777578476\" rel=\"nofollow\">\n\tkurz-no\u0161en\u00ed.pdf\t(sta\u017eeno 382\u00d7 )\n<\/a>\n\n","protected":false},"excerpt":{"rendered":"<p>KURZ NO\u0160EN\u00cd D\u011aT\u00cd pro t\u011bhotn\u00e9 a rodi\u010de s d\u011btmi do cca 3 m\u011bs\u00edc\u016f Kurz vede lektorka no\u0161en\u00ed d\u011bt\u00ed a lakta\u010dn\u00ed poradkyn\u011b L\u00edda Klimusov\u00e1 Kdy: v ned\u011bli 26. listopadu \u010cas: 14.00 Cena: 130 K\u010d pro jednotlivce 150 K\u010d pro p\u00e1r N\u00e1pl\u0148 kurzu: \uf0b7 v\u00fdhody no\u0161en\u00ed pro rodi\u010de a pro d\u011bti \uf0b7 z\u00e1kladn\u00ed \u00favaz na b\u0159icho-K\u0159\u00ed\u017e s [&hellip;]<\/p>\n","protected":false},"author":31,"featured_media":0,"comment_status":"open","ping_status":"open","sticky":true,"template":"","format":"standard","meta":{"ngg_post_thumbnail":0},"categories":[134,36],"tags":[],"post_mailing_queue_ids":[],"_links":{"self":[{"href":"http:\/\/www.mcmotylek.cz\/index.php?rest_route=\/wp\/v2\/posts\/5916"}],"collection":[{"href":"http:\/\/www.mcmotylek.cz\/index.php?rest_route=\/wp\/v2\/posts"}],"about":[{"href":"http:\/\/www.mcmotylek.cz\/index.php?rest_route=\/wp\/v2\/types\/post"}],"author":[{"embeddable":true,"href":"http:\/\/www.mcmotylek.cz\/index.php?rest_route=\/wp\/v2\/users\/31"}],"replies":[{"embeddable":true,"href":"http:\/\/www.mcmotylek.cz\/index.php?rest_route=%2Fwp%2Fv2%2Fcomments&post=5916"}],"version-history":[{"count":2,"href":"http:\/\/www.mcmotylek.cz\/index.php?rest_route=\/wp\/v2\/posts\/5916\/revisions"}],"predecessor-version":[{"id":5920,"href":"http:\/\/www.mcmotylek.cz\/index.php?rest_route=\/wp\/v2\/posts\/5916\/revisions\/5920"}],"wp:attachment":[{"href":"http:\/\/www.mcmotylek.cz\/index.php?rest_route=%2Fwp%2Fv2%2Fmedia&parent=5916"}],"wp:term":[{"taxonomy":"category","embeddable":true,"href":"http:\/\/www.mcmotylek.cz\/index.php?rest_route=%2Fwp%2Fv2%2Fcategories&post=5916"},{"taxonomy":"post_tag","embeddable":true,"href":"http:\/\/www.mcmotylek.cz\/index.php?rest_route=%2Fwp%2Fv2%2Ftags&post=5916"}],"curies":[{"name":"wp","href":"https:\/\/api.w.org\/{rel}","templated":true}]}}