{"id":5933,"date":"2017-12-02T11:10:58","date_gmt":"2017-12-02T10:10:58","guid":{"rendered":"http:\/\/www.mcmotylek.cz\/?p=5933"},"modified":"2017-12-02T11:10:58","modified_gmt":"2017-12-02T10:10:58","slug":"vanocni-foceni-v-patek-8-prosince","status":"publish","type":"post","link":"http:\/\/www.mcmotylek.cz\/?p=5933","title":{"rendered":"V\u00e1no\u010dn\u00ed focen\u00ed v p\u00e1tek 8. prosince"},"content":{"rendered":"<h3>V\u00e1\u017een\u00ed rodi\u010de,<\/h3>\n<h3>zveme V\u00e1s na V\u00e1no\u010dn\u00ed focen\u00ed d\u011bt\u00ed a maminek <img loading=\"lazy\" class=\"alignnone  wp-image-5938\" style=\"background-color: transparent; color: #333333; font-family: Georgia,&amp;quot; times new roman&amp;quot;,&amp;quot;bitstream charter&amp;quot;,times,serif; font-size: 18.73px; font-style: normal; font-variant: normal; font-weight: bold; height: 180.4px; letter-spacing: normal; max-width: 964.38px; orphans: 2; outline-color: #72777c; outline-style: solid; outline-width: 1px; text-align: left; text-decoration: none; text-indent: 0px; text-transform: none; -webkit-text-stroke-width: 0px; white-space: normal; word-spacing: 0px;\" src=\"http:\/\/www.mcmotylek.cz\/wp-content\/uploads\/2017\/12\/c1k4DCG89FMK_s1600x1600-300x205.jpg\" alt=\"\" width=\"264\" height=\"181\" srcset=\"http:\/\/www.mcmotylek.cz\/wp-content\/uploads\/2017\/12\/c1k4DCG89FMK_s1600x1600-300x205.jpg 300w, http:\/\/www.mcmotylek.cz\/wp-content\/uploads\/2017\/12\/c1k4DCG89FMK_s1600x1600-768x526.jpg 768w, http:\/\/www.mcmotylek.cz\/wp-content\/uploads\/2017\/12\/c1k4DCG89FMK_s1600x1600-1024x701.jpg 1024w, http:\/\/www.mcmotylek.cz\/wp-content\/uploads\/2017\/12\/c1k4DCG89FMK_s1600x1600.jpg 1600w\" sizes=\"(max-width: 264px) 100vw, 264px\" \/><img loading=\"lazy\" class=\"alignnone  wp-image-5939\" style=\"outline: #72777c solid 1px; height: 247.66px; text-align: left; color: #333333; text-transform: none; text-indent: 0px; letter-spacing: normal; font-size: 18.73px; font-style: normal; font-variant: normal; text-decoration: none; word-spacing: 0px; white-space: normal; max-width: 964.38px; orphans: 2; -webkit-text-stroke-width: 0px; background-color: transparent;\" src=\"http:\/\/www.mcmotylek.cz\/wp-content\/uploads\/2017\/12\/IMG_4567.jpg\" alt=\"\" width=\"181\" height=\"247\" srcset=\"http:\/\/www.mcmotylek.cz\/wp-content\/uploads\/2017\/12\/IMG_4567.jpg 2666w, http:\/\/www.mcmotylek.cz\/wp-content\/uploads\/2017\/12\/IMG_4567-219x300.jpg 219w, http:\/\/www.mcmotylek.cz\/wp-content\/uploads\/2017\/12\/IMG_4567-768x1051.jpg 768w, http:\/\/www.mcmotylek.cz\/wp-content\/uploads\/2017\/12\/IMG_4567-748x1024.jpg 748w\" sizes=\"(max-width: 181px) 100vw, 181px\" \/><img loading=\"lazy\" class=\"alignnone  wp-image-5940\" style=\"outline: #72777c solid 1px; height: 245.63px; text-align: left; color: #333333; text-transform: none; text-indent: 0px; letter-spacing: normal; font-size: 18.73px; font-style: normal; font-variant: normal; text-decoration: none; word-spacing: 0px; white-space: normal; max-width: 964.38px; orphans: 2; -webkit-text-stroke-width: 0px; background-color: transparent;\" src=\"http:\/\/www.mcmotylek.cz\/wp-content\/uploads\/2017\/12\/IMG_4582.jpg\" alt=\"\" width=\"181\" height=\"246\" srcset=\"http:\/\/www.mcmotylek.cz\/wp-content\/uploads\/2017\/12\/IMG_4582.jpg 2666w, http:\/\/www.mcmotylek.cz\/wp-content\/uploads\/2017\/12\/IMG_4582-221x300.jpg 221w, http:\/\/www.mcmotylek.cz\/wp-content\/uploads\/2017\/12\/IMG_4582-768x1042.jpg 768w, http:\/\/www.mcmotylek.cz\/wp-content\/uploads\/2017\/12\/IMG_4582-755x1024.jpg 755w\" sizes=\"(max-width: 181px) 100vw, 181px\" \/><i><\/i><u><\/u><\/h3>\n<h4><strong>v p\u00e1tek 8. prosince od 9.30<\/strong><\/h4>\n<h4><strong>cena <em>30 K\u010d <\/em>pro \u010dleny Mot\u00fdlku \/ <em>50 K\u010d<\/em> pro ne\u010dleny<\/strong><\/h4>\n<h4><strong>ka\u017ed\u00e1 dal\u0161\u00ed fotka 20 K\u010d<\/strong><\/h4>\n<h3>Na focen\u00ed oble\u010den\u00ed nejl\u00e9pe \u010derven\u00e9, modr\u00e9, zelen\u00e9, bez potisku.<br \/>\nNe b\u00edl\u00e9 ani \u0161ed\u00e9.<\/h3>\n<h3>Rezervace u Katky Voj\u00ed\u0159ov\u00e9 721 827 102<\/h3>\n<h3>nebo na mailu info@mcmotylek.cz<\/h3>\n<h3><\/h3>\n<p>&nbsp;<\/p>\n","protected":false},"excerpt":{"rendered":"<p>V\u00e1\u017een\u00ed rodi\u010de, zveme V\u00e1s na V\u00e1no\u010dn\u00ed focen\u00ed d\u011bt\u00ed a maminek v p\u00e1tek 8. prosince od 9.30 cena 30 K\u010d pro \u010dleny Mot\u00fdlku \/ 50 K\u010d pro ne\u010dleny ka\u017ed\u00e1 dal\u0161\u00ed fotka 20 K\u010d Na focen\u00ed oble\u010den\u00ed nejl\u00e9pe \u010derven\u00e9, modr\u00e9, zelen\u00e9, bez potisku. Ne b\u00edl\u00e9 ani \u0161ed\u00e9. Rezervace u Katky Voj\u00ed\u0159ov\u00e9 721 827 102 nebo na mailu [&hellip;]<\/p>\n","protected":false},"author":31,"featured_media":0,"comment_status":"open","ping_status":"open","sticky":true,"template":"","format":"standard","meta":{"ngg_post_thumbnail":0},"categories":[3,134],"tags":[141],"post_mailing_queue_ids":[],"_links":{"self":[{"href":"http:\/\/www.mcmotylek.cz\/index.php?rest_route=\/wp\/v2\/posts\/5933"}],"collection":[{"href":"http:\/\/www.mcmotylek.cz\/index.php?rest_route=\/wp\/v2\/posts"}],"about":[{"href":"http:\/\/www.mcmotylek.cz\/index.php?rest_route=\/wp\/v2\/types\/post"}],"author":[{"embeddable":true,"href":"http:\/\/www.mcmotylek.cz\/index.php?rest_route=\/wp\/v2\/users\/31"}],"replies":[{"embeddable":true,"href":"http:\/\/www.mcmotylek.cz\/index.php?rest_route=%2Fwp%2Fv2%2Fcomments&post=5933"}],"version-history":[{"count":7,"href":"http:\/\/www.mcmotylek.cz\/index.php?rest_route=\/wp\/v2\/posts\/5933\/revisions"}],"predecessor-version":[{"id":5943,"href":"http:\/\/www.mcmotylek.cz\/index.php?rest_route=\/wp\/v2\/posts\/5933\/revisions\/5943"}],"wp:attachment":[{"href":"http:\/\/www.mcmotylek.cz\/index.php?rest_route=%2Fwp%2Fv2%2Fmedia&parent=5933"}],"wp:term":[{"taxonomy":"category","embeddable":true,"href":"http:\/\/www.mcmotylek.cz\/index.php?rest_route=%2Fwp%2Fv2%2Fcategories&post=5933"},{"taxonomy":"post_tag","embeddable":true,"href":"http:\/\/www.mcmotylek.cz\/index.php?rest_route=%2Fwp%2Fv2%2Ftags&post=5933"}],"curies":[{"name":"wp","href":"https:\/\/api.w.org\/{rel}","templated":true}]}}